{"id":149,"date":"2019-04-11T09:59:58","date_gmt":"2019-04-11T09:59:58","guid":{"rendered":"https:\/\/lp56.fr\/infos\/2019\/04\/11\/appel-a-rassemblement-pour-la-liberte-de-manifester-samedi-13-avril-2019\/"},"modified":"2025-12-09T16:02:45","modified_gmt":"2025-12-09T15:02:45","slug":"appel-a-rassemblement-pour-la-liberte-de-manifester-samedi-13-avril-2019","status":"publish","type":"post","link":"https:\/\/lp56.fr\/infos\/2019\/04\/11\/appel-a-rassemblement-pour-la-liberte-de-manifester-samedi-13-avril-2019\/","title":{"rendered":"Appel \u00e0 rassemblement pour la libert\u00e9 de manifester &#8211; samedi 13 avril 2019"},"content":{"rendered":"<p><strong>Appel \u00e0 rassemblement pour la libert\u00e9 de manifester<br \/> <\/strong><strong><em>samedi 13 avril<\/em><\/strong><\/p>\n<p><strong>Les signataires de l\u2019appel \u00ab Pour la libert\u00e9 de manifester \u00bb (publi\u00e9 ci-dessous) ont d\u00e9cid\u00e9 de poursuivre leur action. \u00c0 cette fin, ils organisent \u00e0 Paris et partout en France des manifestations le samedi 13 avril 2019.<\/strong><\/p>\n<p><strong><br \/> Les organisations de Vannes et du Morbihan se joignent \u00e0 cet appel \u00e0 se rassembler&nbsp;:<\/strong><\/p>\n<ul>\n<li>\u00b7 <strong>\u00c0 Vannes, samedi 13 avril, \u00e0 14h30 au port de Vannes, Rabine, c\u00f4t\u00e9 entr\u00e9e du parking souterrain<\/strong><\/li>\n<li>\u00b7 <strong>\u00c0 Lorient, samedi 13 avril, \u00e0 13h30, place Aristide Briand, devant la FNAC<\/strong><\/li>\n<\/ul>\n<p><strong>Premi\u00e8res organisations signataires&nbsp;: <\/strong><\/p>\n<p><strong>UD CGT 56, UL CGT Vannes, Gilets Jaunes de Vannes, LDH Vannes, UD FO 56, FNEC-FP FO 56, LP 56, Solidaires 56, Stop nucl\u00e9aire 56 Trawalc\u2019h, UNEF 56<\/strong><\/p>\n<p><a href=\"https:\/\/www.ldh-france.org\/liberte-de-manifester\/\"><strong>Une proposition de loi contre la libert\u00e9 de manifester<\/strong><\/a><\/p>\n<p><strong>Communiqu\u00e9 commun sign\u00e9 par plus de 50 organisations<\/strong><\/p>\n<p>Si la loi est vot\u00e9e par le Parlement au nom du peuple fran\u00e7ais, elle ne peut et elle ne doit pas porter atteinte \u00e0 la libre expression du peuple. La proposition de loi adopt\u00e9e par l\u2019Assembl\u00e9e nationale qui pr\u00e9tend encadrer le droit de manifester constitue une atteinte grave aux libert\u00e9s publiques et \u00e0 l\u2019\u00e9quilibre des pouvoirs.<\/p>\n<p>Les violences contre les personnes, les biens, les institutions qui ont eu lieu ne peuvent justifier qu\u2019un ex\u00e9cutif s\u2019arroge des pouvoirs exorbitants et d\u00e9cr\u00e8te qui peut ou ne peut pas manifester. Participer \u00e0 une manifestation ne saurait pas plus signifier le risque pour tout individu d\u2019\u00eatre poursuivi, fich\u00e9 et condamn\u00e9 p\u00e9nalement comme financi\u00e8rement.<\/p>\n<p>Soumettre les participants et les participantes \u00e0 une manifestation \u00e0 une fouille syst\u00e9matique, confier aux pr\u00e9fets le pouvoir d\u2019interdire \u00e0 une personne de manifester, y compris sans qu\u2019elle ait connaissance de l\u2019interdiction prononc\u00e9e et donc sans recours effectif possible, faire d\u2019un visage en partie couvert un d\u00e9lit, &nbsp;voici l\u2019esprit et la lettre de mesures qui sont autant d\u2019emp\u00eachements \u00e0 l\u2019exercice d\u2019un droit essentiel en d\u00e9mocratie&nbsp;: celui de manifester publiquement, collectivement et pacifiquement son opinion.<\/p>\n<p>Cette loi de circonstance porte un lourd risque d\u2019arbitraire des gouvernements d\u2019aujourd\u2019hui comme de demain. C\u2019est pourquoi nous appelons solennellement le gouvernement et le Parlement \u00e0 abandonner ces mesures qui violent les principes les plus fondamentaux d\u2019un Etat de droit.<\/p>\n<p><em>Paris, le 7 mars 2019<\/em><\/p>\n<p><strong>Liste des organisations signataires&nbsp;:<\/strong> Action des chr\u00e9tiens pour l\u2019abolition de la torture (Acat)&nbsp;; Action non-violente COP21 (ANV-COP21)&nbsp;; Alternatiba&nbsp;; Amnesty international France&nbsp;; Association europ\u00e9enne pour la d\u00e9fense des droits de l\u2019Homme (AEDH)&nbsp;; Association France Palestine solidarit\u00e9 (AFPS)&nbsp;; Attac&nbsp;; CCFD-Terre solidaire&nbsp;; Centre de Recherche et d\u2019Information pour le D\u00e9veloppement (Crid)&nbsp;; Collectif d\u2019avocats antir\u00e9pression&nbsp;; Comit\u00e9 la V\u00e9rit\u00e9 pour Adama&nbsp;; Conf\u00e9d\u00e9ration g\u00e9n\u00e9rale du travail (CGT)&nbsp;; Conf\u00e9d\u00e9ration paysanne&nbsp;; Droit au logement (DAL)&nbsp;; Droit solidarit\u00e9&nbsp;; Emma\u00fcs France&nbsp;; EuroMed Droits&nbsp;; F\u00e9d\u00e9ration des associations de solidarit\u00e9 avec tou-te-s les immigr\u00e9-e-s (Fasti)&nbsp;; F\u00e9d\u00e9ration des conseils de parents d\u2019\u00e9l\u00e8ves (FCPE)&nbsp;; F\u00e9d\u00e9ration des Tunisiens pour une citoyennet\u00e9 des deux rives (FTCR)&nbsp;; F\u00e9d\u00e9ration fran\u00e7aise des motards en col\u00e8re (FFMC)&nbsp;; F\u00e9d\u00e9ration ind\u00e9pendante et d\u00e9mocratique lyc\u00e9enne (FIDL)&nbsp;; F\u00e9d\u00e9ration internationale des ligues des droits de l\u2019Homme (FIDH)&nbsp;; F\u00e9d\u00e9ration nationale de la Libre Pens\u00e9e&nbsp;; F\u00e9d\u00e9ration nationale des Francas&nbsp;; F\u00e9d\u00e9ration sportive et gymnique du travail (FSGT)&nbsp;; F\u00e9d\u00e9ration syndicale unitaire (FSU)&nbsp;; F\u00e9ministes contre le cyber harc\u00e8lement&nbsp;; Fondation Copernic&nbsp;; France Nature Environnement (FNE)&nbsp;; Gilets jaunes de Commercy ; Greenpeace&nbsp;; La Cimade&nbsp;; La Quadrature du Net (LQDN)&nbsp;; Le Planning familial&nbsp;; Les Amis de la Terre France&nbsp;; Les Effront\u00e9-e-s&nbsp;; Ligue de l\u2019enseignement&nbsp;; Ligue des droits de l\u2019Homme (LDH)&nbsp; ; Mouvement contre le racisme et pour l\u2019amiti\u00e9 entre les peuples (Mrap)&nbsp;; Osez le f\u00e9minisme&nbsp;! ; Oxfam France&nbsp;; R\u00e9seau Sortir du nucl\u00e9aire&nbsp;; SOS Racisme&nbsp;; Syndicat de la magistrature (SM)&nbsp;; Syndicat des avocats de France (SAF)&nbsp;; Syndicat national des journalistes (SNJ)&nbsp;; Syndicat national des personnels de l\u2019\u00e9ducation et du social (SNPES PJJ\/FSU)&nbsp;; Union nationale des \u00e9tudiants de France (Unef)&nbsp;; Union nationale des syndicats autonomes (Unsa)&nbsp;; Union nationale lyc\u00e9enne (UNL)&nbsp;; Union nationale lyc\u00e9enne syndicale et d\u00e9mocratique (UNL-SD).<\/p>\n","protected":false},"excerpt":{"rendered":"<p>Appel \u00e0 rassemblement pour la libert\u00e9 de manifester samedi 13 avril Les signataires de l\u2019appel \u00ab Pour la libert\u00e9 de manifester \u00bb (publi\u00e9 ci-dessous) ont d\u00e9cid\u00e9 de poursuivre leur action. \u00c0 cette fin, ils organisent \u00e0 Paris et partout en [&#8230;]<\/p>\n","protected":false},"author":1,"featured_media":0,"comment_status":"closed","ping_status":"closed","sticky":false,"template":"","format":"standard","meta":{"_acf_changed":false,"pagelayer_contact_templates":[],"_pagelayer_content":"","footnotes":""},"categories":[38],"tags":[],"class_list":["post-149","post","type-post","status-publish","format-standard","hentry","category-libertes"],"acf":[],"_links":{"self":[{"href":"https:\/\/lp56.fr\/infos\/wp-json\/wp\/v2\/posts\/149","targetHints":{"allow":["GET"]}}],"collection":[{"href":"https:\/\/lp56.fr\/infos\/wp-json\/wp\/v2\/posts"}],"about":[{"href":"https:\/\/lp56.fr\/infos\/wp-json\/wp\/v2\/types\/post"}],"author":[{"embeddable":true,"href":"https:\/\/lp56.fr\/infos\/wp-json\/wp\/v2\/users\/1"}],"replies":[{"embeddable":true,"href":"https:\/\/lp56.fr\/infos\/wp-json\/wp\/v2\/comments?post=149"}],"version-history":[{"count":1,"href":"https:\/\/lp56.fr\/infos\/wp-json\/wp\/v2\/posts\/149\/revisions"}],"predecessor-version":[{"id":445,"href":"https:\/\/lp56.fr\/infos\/wp-json\/wp\/v2\/posts\/149\/revisions\/445"}],"wp:attachment":[{"href":"https:\/\/lp56.fr\/infos\/wp-json\/wp\/v2\/media?parent=149"}],"wp:term":[{"taxonomy":"category","embeddable":true,"href":"https:\/\/lp56.fr\/infos\/wp-json\/wp\/v2\/categories?post=149"},{"taxonomy":"post_tag","embeddable":true,"href":"https:\/\/lp56.fr\/infos\/wp-json\/wp\/v2\/tags?post=149"}],"curies":[{"name":"wp","href":"https:\/\/api.w.org\/{rel}","templated":true}]}}