{"id":160,"date":"2020-12-01T21:06:57","date_gmt":"2020-12-01T21:06:57","guid":{"rendered":"https:\/\/lp56.fr\/infos\/2020\/12\/01\/apres-la-manifestation-de-vannes-du-28-novembre-apres-la-manifestation-de-vannes-du-28-novembre\/"},"modified":"2025-12-09T16:00:51","modified_gmt":"2025-12-09T15:00:51","slug":"apres-la-manifestation-de-vannes-du-28-novembre-apres-la-manifestation-de-vannes-du-28-novembre","status":"publish","type":"post","link":"https:\/\/lp56.fr\/infos\/2020\/12\/01\/apres-la-manifestation-de-vannes-du-28-novembre-apres-la-manifestation-de-vannes-du-28-novembre\/","title":{"rendered":"Apr\u00e8s la manifestation de Vannes du 28 novembre &#8211; Communiqu\u00e9 de la Libre Pens\u00e9e 56 &#8211; Vannes"},"content":{"rendered":"<p>Les 2000 manifestants rassembl\u00e9s samedi 28 \u00e0 Vannes ont exprim\u00e9 le rejet de l&rsquo;arbitraire policier, de la violence d&rsquo;\u00c9tat et la volont\u00e9 de voir retir\u00e9e la loi s\u00e9curitaire avec son embl\u00e9matique article 24. Avec les centaines de milliers de manifestants ce jour l\u00e0 en France, ils ont commenc\u00e9 \u00e0 lever la chape de plomb que le gouvernement fait peser sur les libert\u00e9s et les droits d\u00e9mocratiques.<\/p>\n<p>Une semaine auparavant, la Ligue des Droits de l&rsquo;Homme, sollicit\u00e9e par la Libre Pens\u00e9e, a pris contact avec toutes les organisations susceptibles d&rsquo;appeler le 28. Les organisations syndicales, pour leur part, avaient au m\u00eame moment pr\u00e9vu un rassemblement le mardi 24 au soir \u00e0 la Pr\u00e9fecture.<\/p>\n<p>En prenant l&rsquo;initiative ensemble, Ligue des Droits de l&rsquo;Homme et Libre Pens\u00e9e jouent pleinement leur r\u00f4le : celui des associations les plus anciennes existant en France qui, depuis un si\u00e8cle et demi, incarnent la lutte pour la libert\u00e9 d&rsquo;opinion, la libert\u00e9 de conscience, la libert\u00e9 d&rsquo;expression, la s\u00e9curit\u00e9 des citoyens contre l&rsquo;arbitraire, le combat contre le racisme.<\/p>\n<p>Constatons que cette mobilisation n&rsquo;a jamais autant \u00e9t\u00e9 justifi\u00e9e : arrestations et matraquage de journalistes couvrant les manifestations, interpellation violente de Michel Zecler, \u00e9vacuation \u00ab muscl\u00e9e \u00bb des migrants Place de la R\u00e9publique \u00e0 Paris&#8230; Le t\u00e9lescopage de l&rsquo;actualit\u00e9 avec l&rsquo;ordre du jour parlementaire ouvre une situation de crise au sommet de l&rsquo;\u00c9tat : il s&rsquo;agirait de retisser \u00ab\u00a0un lien de confiance\u00a0\u00bb entre les Fran\u00e7ais et les forces de l&rsquo;ordre&#8230; comme si le projet de loi en discussion n&rsquo;\u00e9tait pas aujourd&rsquo;hui la source de la m\u00e9fiance des citoyens devant les orientations donn\u00e9es \u00e0 la police et l&rsquo;absence de tout contr\u00f4le possible qui en r\u00e9sulterait. Ce serait l\u00e0 le visage que prendrait \u00ab l&rsquo;\u00e9tat d&rsquo;urgence sanitaire \u00bb proclam\u00e9 en mars.<\/p>\n<p>La population n\u2019en peut plus de cet \u00e9tat d\u2019urgence qui dure, du confinement qui suspend toutes les libert\u00e9s et qui est en train de provoquer un effondrement brutal, dramatique des conditions d\u2019existence de centaines de milliers et de millions de travailleurs et de jeunes. C&rsquo;est la question qui nous est pos\u00e9e : peut-on se d\u00e9fendre dans le cadre de l&rsquo;\u00e9tat d&rsquo;urgence ? peut-on tout simplement vivre dans ces conditions ?<\/p>\n<p>La Libre Pens\u00e9e, pour sa part, continuera \u00e0 agir pour la mobilisation contre la loi s\u00e9curitaire, comme elle agira contre le projet de loi contre le \u00ab s\u00e9paratisme \u00bb devenue loi \u00ab confortant la la\u00efcit\u00e9 et les principes r\u00e9publicains \u00bb et qui menace gravement la libert\u00e9 d&rsquo;association, d\u00e9tourne la la\u00efcit\u00e9 institutionnelle pour en faire une id\u00e9ologie d&rsquo;\u00c9tat et veut instaurer un r\u00e9gime quasi-concordataire avec l&rsquo;Islam.<\/p>\n<p>La Libre Pens\u00e9e appelle \u00e0 rejoindre ses rangs pour renforcer son action. Elle est ind\u00e9pendante de tous les partis. Elle n\u2019est pas une \u00c9glise ; elle n\u2019apporte aucun dogme. Elle combat toutes les id\u00e9es, forces ou institutions qui tendent \u00e0 amoindrir, asservir ou pervertir les individus ; sa volont\u00e9 est de d\u00e9fendre la paix, les libert\u00e9s, les Droits de l\u2019Homme, la La\u00efcit\u00e9 de l\u2019\u00c9cole et de l\u2019\u00c9tat. Elle vise \u00e0 d\u00e9velopper chez tous les hommes, l\u2019esprit de libre examen.<\/p>\n<p>\u00ab La libert\u00e9, c\u2019est toujours la libert\u00e9 de celui qui pense autrement \u00bb disait Rosa Luxemburg. C\u2019est pourquoi la Libre Pens\u00e9e d\u00e9fend toutes les libert\u00e9s pour tous.<\/p>\n","protected":false},"excerpt":{"rendered":"<p>Les 2000 manifestants rassembl\u00e9s samedi 28 \u00e0 Vannes ont exprim\u00e9 le rejet de l&rsquo;arbitraire policier, de la violence d&rsquo;\u00c9tat et la volont\u00e9 de voir retir\u00e9e la loi s\u00e9curitaire avec son embl\u00e9matique article 24. Avec les centaines de milliers de manifestants [&#8230;]<\/p>\n","protected":false},"author":1,"featured_media":0,"comment_status":"closed","ping_status":"closed","sticky":false,"template":"","format":"standard","meta":{"_acf_changed":false,"pagelayer_contact_templates":[],"_pagelayer_content":"","footnotes":""},"categories":[38],"tags":[],"class_list":["post-160","post","type-post","status-publish","format-standard","hentry","category-libertes"],"acf":[],"_links":{"self":[{"href":"https:\/\/lp56.fr\/infos\/wp-json\/wp\/v2\/posts\/160","targetHints":{"allow":["GET"]}}],"collection":[{"href":"https:\/\/lp56.fr\/infos\/wp-json\/wp\/v2\/posts"}],"about":[{"href":"https:\/\/lp56.fr\/infos\/wp-json\/wp\/v2\/types\/post"}],"author":[{"embeddable":true,"href":"https:\/\/lp56.fr\/infos\/wp-json\/wp\/v2\/users\/1"}],"replies":[{"embeddable":true,"href":"https:\/\/lp56.fr\/infos\/wp-json\/wp\/v2\/comments?post=160"}],"version-history":[{"count":1,"href":"https:\/\/lp56.fr\/infos\/wp-json\/wp\/v2\/posts\/160\/revisions"}],"predecessor-version":[{"id":441,"href":"https:\/\/lp56.fr\/infos\/wp-json\/wp\/v2\/posts\/160\/revisions\/441"}],"wp:attachment":[{"href":"https:\/\/lp56.fr\/infos\/wp-json\/wp\/v2\/media?parent=160"}],"wp:term":[{"taxonomy":"category","embeddable":true,"href":"https:\/\/lp56.fr\/infos\/wp-json\/wp\/v2\/categories?post=160"},{"taxonomy":"post_tag","embeddable":true,"href":"https:\/\/lp56.fr\/infos\/wp-json\/wp\/v2\/tags?post=160"}],"curies":[{"name":"wp","href":"https:\/\/api.w.org\/{rel}","templated":true}]}}