{"id":180,"date":"2024-01-17T10:15:20","date_gmt":"2024-01-17T10:15:20","guid":{"rendered":"https:\/\/lp56.fr\/infos\/2024\/01\/17\/affaire-oudea-castera-au-college-stanislas-culture-du-viol-propagande-anti-ivg-et-anti-homosexualite-au-programme\/"},"modified":"2025-12-09T15:29:30","modified_gmt":"2025-12-09T14:29:30","slug":"affaire-oudea-castera-au-college-stanislas-culture-du-viol-propagande-anti-ivg-et-anti-homosexualite-au-programme","status":"publish","type":"post","link":"https:\/\/lp56.fr\/infos\/2024\/01\/17\/affaire-oudea-castera-au-college-stanislas-culture-du-viol-propagande-anti-ivg-et-anti-homosexualite-au-programme\/","title":{"rendered":"Affaire Oud\u00e9a-Cast\u00e9ra : au coll\u00e8ge Stanislas, culture du viol, propagande anti-IVG et anti-homosexualit\u00e9 au programme"},"content":{"rendered":"<h1 class=\"plain_line\">Affaire Oud\u00e9a-Cast\u00e9ra : au coll\u00e8ge Stanislas, culture du viol,<\/h1>\n<h1 class=\"plain_line\">propagande anti-IVG et anti-homosexualit\u00e9 au programme<\/h1>\n<div class=\"plain_line\"><em><span style=\"color: rgb(224, 62, 45);\"><strong><span style=\"font-size: 1rem;\">Article de Marie Piquemal&lt;<\/span><a style=\"font-size: 1rem; color: rgb(224, 62, 45);\" href=\"https:\/\/www.liberation.fr\/auteur\/marie-piquemal\/\">https:\/\/www.liberation.fr\/auteur\/marie-piquemal\/<\/a><span style=\"font-size: 1rem;\">&gt; publi\u00e9 le 16 janvier 2024 \u00e0 21h16<\/span><\/strong><\/span><\/em><\/div>\n<div class=\"plain_line\" style=\"text-align: justify;\">\u00a0<\/div>\n<div class=\"plain_line\" style=\"text-align: justify;\">\u00abMediapart\u00bb s\u2019est procur\u00e9 la fameuse enqu\u00eate administrative, command\u00e9e \u00e0 l\u2019Inspection g\u00e9n\u00e9rale, qui dormait dans un tiroir du bureau du ministre depuis le mois de juillet. De quoi relancer la pol\u00e9mique dans laquelle se retrouve englu\u00e9e la nouvelle ministre de l\u2019Education, Am\u00e9lie Oud\u00e9a-Cast\u00e9ra, qui a scolaris\u00e9 ses enfants dans cet \u00e9tablissement.<\/div>\n<div class=\"plain_line\" style=\"text-align: justify;\">\u00a0<\/div>\n<div class=\"plain_line\" style=\"text-align: justify;\">A la lecture, on comprend vite pourquoi l\u2019enqu\u00eate administrative sur le tr\u00e8s\u00a0s\u00e9lect \u00e9tablissement scolaire parisien Stanislas, o\u00f9 sont scolaris\u00e9s les\u00a0enfants de la nouvelle ministre de l\u2019Education, v\u00e9g\u00e9tait dans un tiroir\u00a0depuis juillet dernier. Ni <a href=\"https:\/\/www.liberation.fr\/politique\/a-lassemblee-nationale-les-debuts-chahu%20tes-du-nouveau-gouvernement-20240116_B7DJKGATTBC7TNXPYAONA4345I\" target=\"_blank\" rel=\"noopener\">Gabriel Attal<\/a>, \u00a0Premier ministre et ex-ministre de l\u2019Education, ni<a href=\"https:\/\/www.liberation.fr\/societe\/education\/amelie-oudea-castera-une-defense-a-tort-et-a-revers-20240115_DTZXKBHNAZF6ZNPHOT6XY3XAIA\" target=\"_blank\" rel=\"noopener\"> Am\u00e9lie Oud\u00e9a-Cast\u00e9ra<\/a>, qui vient de lui succ\u00e9der rue de Grenelle, n\u2019avaient int\u00e9r\u00eat \u00e0 ce qu\u2019elle sorte, vu sa teneur.<\/div>\n<div class=\"plain_line\" style=\"text-align: justify;\">\u00a0<\/div>\n<div class=\"plain_line\" style=\"text-align: justify;\"><em>\u00abLes classes de 4e par exemple, apprennent dans des livrets de cat\u00e9ch\u00e8se que\u00a0<\/em>\u201cl\u2019avortement signifie [\u2026] toujours tuer volontairement une personne humaine\u00a0(sic) innocente\u201d<em>\u00bb<\/em>, r\u00e9v\u00e8le <a href=\"https:\/\/www.mediapart.fr\/journal\/france\/160124\/affaire-oudea-castera-mediapart-publie-le-rapport-sur-stanislas-cache-par-les-ministres\" target=\"_blank\" rel=\"noopener\">Mediapart, qui publie le rapport in extenso<\/a>.<\/div>\n<div class=\"plain_line\" style=\"text-align: justify;\">\u00a0<\/div>\n<div class=\"plain_line\" style=\"text-align: justify;\">En trente\u00a0pages condens\u00e9es, les inspecteurs g\u00e9n\u00e9raux retracent l\u2019histoire de cet\u00a0\u00e9tablissement, <em>\u00abl\u2019esprit Stan\u00bb<\/em> avec <em>\u00abses boucs \u00e9missaires et ses chouchous\u00bb<\/em>.\u00a0Et surtout, les d\u00e9rapages \u00e0 tous les \u00e9tages.<\/div>\n<div class=\"plain_line\" style=\"text-align: justify;\">\n<\/div>\n<h4 class=\"plain_line\" style=\"text-align: justify;\">Condamnation de l\u2019avortement, conspirationnisme\u2026<\/h4>\n<div class=\"plain_line\" style=\"text-align: justify;\">Les inspecteurs documentent des <em>\u00abd\u00e9rives dans l\u2019application du contrat\u00a0d\u2019association\u00bb qui lie l\u2019\u00e9tablissement \u00e0 l\u2019Etat\u00bb<\/em>. Pourtant, <a href=\"https:\/\/www.liberation.fr\/societe\/lenseignement-prive-echappe-au-controle-de-letat-20230601_JLSZOI7WZ5GQPDZDNGZCWBFTLY\" rel=\"noopener\">la loi Debr\u00e9 de1959<\/a><a href=\"https:\/\/www.liberation.fr\/societe\/lenseignement-prive-echappe-au-controle-de-letat-20230601_JLSZOI7WZ5GQPDZDNGZCWBFTLY\" target=\"_blank\" rel=\"noopener\"> <\/a>donne des droits aux\u00a0\u00e9tablissements priv\u00e9s mais aussi des obligations. Par exemple, tous les\u00a0enseignants doivent respecter le principe de la\u00efcit\u00e9 pendant les cours.<\/div>\n<div class=\"plain_line\" style=\"text-align: justify;\">\u00a0<\/div>\n<div class=\"plain_line\" style=\"text-align: justify;\">L\u2019exercice du culte ne peut pas empi\u00e9ter sur les enseignements, et reste\u00a0facultatifs pour les familles. Or, rel\u00e8vent les inspecteurs, <em>\u00ables familles\u00a0qui souhaitent inscrire leur enfant \u00e0 Stanislas n\u2019ont pas le choix,\u00a0l\u2019assistance aux cours religieux est obligatoire\u00bb<\/em>. Une heure de cat\u00e9 par\u00a0semaine, et quelle heure ! <em>\u00abSelon plusieurs t\u00e9moignages, une intervenante \u00e0\u00a0ces cours de cat\u00e9ch\u00e8se a pu d\u00e9clarer que <\/em>\u201cl\u2019avortement \u00e9tait encourag\u00e9 parce\u00a0que les f\u0153tus \u00e9taient utilis\u00e9s pour des m\u00e9dicaments, le Doliprane\u00a0notamment\u201d<em>\u00bb<\/em>. Un autre ne craint pas d\u2019assurer que <em>\u00abFran\u00e7ois Hollande \u00e9tait\u00a0un danger pour la R\u00e9publique puisqu\u2019il d\u00e9fendait la th\u00e9orie du genre\u00bb<\/em>,\u00a0relate Mediapart.<\/div>\n<div class=\"plain_line\" style=\"text-align: justify;\">\u00a0<\/div>\n<div class=\"plain_line\" style=\"text-align: justify;\">Autre t\u00e9moignage recueilli, \u00e0 propos d\u2019un cat\u00e9chiste du coll\u00e8ge, parent\u00a0d\u2019\u00e9l\u00e8ve : <em>\u00abIl nous a parl\u00e9 de l\u2019homosexualit\u00e9 comme d\u2019une maladie, et que si\u00a0l\u2019on se sentait homosexuel, il fallait se faire soigner dans une structure\u00a0religieuse au Canada, que l\u2019homosexualit\u00e9 venait du fait que quand la m\u00e8re\u00a0enceinte trompe son mari ou que son mari trompe sa femme, le b\u00e9b\u00e9 ressent\u00a0tout et a le c\u0153ur bris\u00e9. Il nous a parl\u00e9 de sodomie \u00e9galement. Il nous a\u00a0parl\u00e9 de viol, en disant qu\u2019il fallait pardonner au violeur et que c\u2019\u00e9tait\u00a0difficile.\u00bb<\/em> De quoi faire dire aux inspecteurs : <em>\u00abLa mission ne peut que s\u2019interroger sur le caract\u00e8re r\u00e9p\u00e9t\u00e9 des prises de position intol\u00e9rables de ce cat\u00e9chiste qui est, selon la mission, dans le d\u00e9ni et qui intervenait depuis trois ans aupr\u00e8s des jeunes.\u00bb<\/em><\/div>\n<div class=\"plain_line\" style=\"text-align: justify;\">\u00a0<\/div>\n<h4 class=\"plain_line\" style=\"text-align: justify;\">Une pression constante sur les \u00e9l\u00e8ves<\/h4>\n<div class=\"plain_line\" style=\"text-align: justify;\">Les inspecteurs s\u2019alarment aussi du contenu des enseignements sur\u00a0l\u2019\u00e9ducation \u00e0 la sexualit\u00e9, dans le cadre des cours de sciences de la vie et\u00a0de la Terre (SVT) et d\u2019\u00e9ducation morale et civique (EMC). <em>\u00abIl ressort de la\u00a0consultation, pour toutes les classes de coll\u00e8ge, qu\u2019un seul professeur\u00a0assume traiter de la contraception, comme pr\u00e9vu par les programmes\u00a0officiels.\u00bb<\/em> Dans le priv\u00e9 sous contrat, les professeurs sont des agents\u00a0publics, d\u00e9pendant du minist\u00e8re de l\u2019Education nationale. Ils sont pay\u00e9s par\u00a0l\u2019Etat et sont donc tenus au strict respect des programmes. Le rapport\u00a0pointe une d\u00e9rive :<em> \u00abLe parti pris de certains professeurs de SVT de ne pas\u00a0parler des infections sexuellement transmissibles (IST), les propos tenus\u00a0lors des conf\u00e9rences d\u2019\u00e9ducation \u00e0 la sexualit\u00e9 sur les dangers de la\u00a0contraception chimique, et enfin les d\u00e9rives relev\u00e9es en cat\u00e9ch\u00e8se sont\u00a0susceptibles pour la mission de porter atteinte \u00e0 la sant\u00e9 des \u00e9l\u00e8ves.\u00bb<\/em><\/div>\n<div class=\"plain_line\" style=\"text-align: justify;\">\u00a0<\/div>\n<div class=\"plain_line\" style=\"text-align: justify;\">Les inspecteurs d\u00e9crivent aussi <em>\u00abla s\u00e9lection quasi permanente pour des\u00a0r\u00e9sultats excellents aux examens et concours\u00bb<\/em>, <em>\u00abla pression entretenue d\u00e8s\u00a0le coll\u00e8ge\u00bb<\/em>, avec la lecture des notes par le directeur. <em>\u00abLes r\u00e9sultats sont\u00a0certes l\u00e0 mais au prix de cette constante mise sous pression des \u00e9l\u00e8ves,\u00a0accept\u00e9e voire revendiqu\u00e9e par les parents\u00bb<\/em>, concluent les inspecteurs.<\/div>\n<div class=\"plain_line\" style=\"text-align: justify;\">\u00a0 \u00a0<\/div>\n","protected":false},"excerpt":{"rendered":"<h1 class=\"plain_line\">Affaire Oud\u00e9a-Cast\u00e9ra : au coll\u00e8ge Stanislas, culture du viol,<\/h1>\n<h1 class=\"plain_line\">propagande anti-IVG et anti-homosexualit\u00e9 au programme<\/h1>\n<div class=\"plain_line\"><em><span style=\"color: rgb(224, 62, 45);\"><strong><span style=\"font-size: 1rem;\">Article de Marie Piquemal&lt;<\/span><a style=\"font-size: 1rem; color: rgb(224, 62, 45);\" href=\"https:\/\/www.liberation.fr\/auteur\/marie-piquemal\/\">https:\/\/www.liberation.fr\/auteur\/marie-piquemal\/<\/a><span style=\"font-size: 1rem;\">&gt; publi\u00e9 le 16 janvier 2024 \u00e0 21h16<\/span><\/strong><\/span><\/em><\/div>\n<div class=\"plain_line\" style=\"text-align: justify;\">\u00a0<\/div>\n<div class=\"plain_line\" style=\"text-align: justify;\">\u00abMediapart\u00bb s\u2019est procur\u00e9 la fameuse enqu\u00eate administrative, command\u00e9e \u00e0 l\u2019Inspection g\u00e9n\u00e9rale, qui dormait dans un tiroir du bureau du ministre depuis le mois de juillet. De quoi relancer la pol\u00e9mique dans laquelle se retrouve englu\u00e9e la nouvelle ministre de l\u2019Education, Am\u00e9lie Oud\u00e9a-Cast\u00e9ra, qui a scolaris\u00e9 ses enfants dans cet \u00e9tablissement.<\/div>\n<div class=\"plain_line\" style=\"text-align: justify;\">\u00a0<\/div>\n<div class=\"plain_line\" style=\"text-align: justify;\">A la lecture, on comprend vite pourquoi l\u2019enqu\u00eate administrative sur le tr\u00e8s\u00a0s\u00e9lect \u00e9tablissement scolaire parisien Stanislas, o\u00f9 sont scolaris\u00e9s les\u00a0enfants de la nouvelle ministre de l\u2019Education, v\u00e9g\u00e9tait dans un tiroir\u00a0depuis juillet dernier. Ni <a href=\"https:\/\/www.liberation.fr\/politique\/a-lassemblee-nationale-les-debuts-chahu%20tes-du-nouveau-gouvernement-20240116_B7DJKGATTBC7TNXPYAONA4345I\" target=\"_blank\" rel=\"noopener\">Gabriel Attal<\/a>, \u00a0Premier ministre et ex-ministre de l\u2019Education, ni<a href=\"https:\/\/www.liberation.fr\/societe\/education\/amelie-oudea-castera-une-defense-a-tort-et-a-revers-20240115_DTZXKBHNAZF6ZNPHOT6XY3XAIA\" target=\"_blank\" rel=\"noopener\"> Am\u00e9lie Oud\u00e9a-Cast\u00e9ra<\/a>, qui vient de lui succ\u00e9der rue de Grenelle, n\u2019avaient int\u00e9r\u00eat \u00e0 ce qu\u2019elle sorte, vu sa teneur.<\/div>\n<div class=\"plain_line\" style=\"text-align: justify;\">\u00a0<\/div>\n<div class=\"plain_line\" style=\"text-align: justify;\"><em>\u00abLes classes de 4e par exemple, apprennent dans des livrets de cat\u00e9ch\u00e8se que\u00a0<\/em>\u201cl\u2019avortement signifie [\u2026] toujours tuer volontairement une personne humaine\u00a0(sic) innocente\u201d<em>\u00bb<\/em>, r\u00e9v\u00e8le <a href=\"https:\/\/www.mediapart.fr\/journal\/france\/160124\/affaire-oudea-castera-mediapart-publie-le-rapport-sur-stanislas-cache-par-les-ministres\" target=\"_blank\" rel=\"noopener\">Mediapart, qui publie le rapport in extenso<\/a>.<\/div>\n<div class=\"plain_line\" style=\"text-align: justify;\">\u00a0<\/div>\n<div class=\"plain_line\" style=\"text-align: justify;\">En trente\u00a0pages condens\u00e9es, les inspecteurs g\u00e9n\u00e9raux retracent l\u2019histoire de cet\u00a0\u00e9tablissement, <em>\u00abl\u2019esprit Stan\u00bb<\/em> avec <em>\u00abses boucs \u00e9missaires et ses chouchous\u00bb<\/em>.\u00a0Et surtout, les d\u00e9rapages \u00e0 tous les \u00e9tages.<\/div>\n<div class=\"plain_line\" style=\"text-align: justify;\">\n","protected":false},"author":1,"featured_media":0,"comment_status":"closed","ping_status":"closed","sticky":false,"template":"","format":"standard","meta":{"_acf_changed":false,"pagelayer_contact_templates":[],"_pagelayer_content":"","footnotes":""},"categories":[34],"tags":[],"class_list":["post-180","post","type-post","status-publish","format-standard","hentry","category-ecole-privee-confessionnelle"],"acf":[],"_links":{"self":[{"href":"https:\/\/lp56.fr\/infos\/wp-json\/wp\/v2\/posts\/180","targetHints":{"allow":["GET"]}}],"collection":[{"href":"https:\/\/lp56.fr\/infos\/wp-json\/wp\/v2\/posts"}],"about":[{"href":"https:\/\/lp56.fr\/infos\/wp-json\/wp\/v2\/types\/post"}],"author":[{"embeddable":true,"href":"https:\/\/lp56.fr\/infos\/wp-json\/wp\/v2\/users\/1"}],"replies":[{"embeddable":true,"href":"https:\/\/lp56.fr\/infos\/wp-json\/wp\/v2\/comments?post=180"}],"version-history":[{"count":1,"href":"https:\/\/lp56.fr\/infos\/wp-json\/wp\/v2\/posts\/180\/revisions"}],"predecessor-version":[{"id":310,"href":"https:\/\/lp56.fr\/infos\/wp-json\/wp\/v2\/posts\/180\/revisions\/310"}],"wp:attachment":[{"href":"https:\/\/lp56.fr\/infos\/wp-json\/wp\/v2\/media?parent=180"}],"wp:term":[{"taxonomy":"category","embeddable":true,"href":"https:\/\/lp56.fr\/infos\/wp-json\/wp\/v2\/categories?post=180"},{"taxonomy":"post_tag","embeddable":true,"href":"https:\/\/lp56.fr\/infos\/wp-json\/wp\/v2\/tags?post=180"}],"curies":[{"name":"wp","href":"https:\/\/api.w.org\/{rel}","templated":true}]}}