{"id":182,"date":"2024-01-17T10:39:06","date_gmt":"2024-01-17T10:39:06","guid":{"rendered":"https:\/\/lp56.fr\/infos\/2024\/01\/17\/on-ne-nous-fera-pas-taire-solidarite-avec-le-peuple-palestinien\/"},"modified":"2025-11-08T21:21:58","modified_gmt":"2025-11-08T20:21:58","slug":"on-ne-nous-fera-pas-taire-solidarite-avec-le-peuple-palestinien","status":"publish","type":"post","link":"https:\/\/lp56.fr\/infos\/2024\/01\/17\/on-ne-nous-fera-pas-taire-solidarite-avec-le-peuple-palestinien\/","title":{"rendered":"On ne nous fera pas taire\u00a0: Solidarit\u00e9 avec le Peuple palestinien\u00a0!"},"content":{"rendered":"<header class=\"entry-header\">\n<h1 class=\"entry-title\">On ne nous fera pas taire\u00a0: Solidarit\u00e9 avec le Peuple palestinien\u00a0!<\/p>\n<\/h1>\n<pre class=\"entry-title\"><span style=\"color: rgb(224, 62, 45);\"><strong>A Vannes : rassemblement place des Lices samedi 30 janvier - 15h<\/strong><\/span><\/pre>\n<p>\u00a0<\/p>\n<\/p>\n<\/header>\n<div class=\"entry-content\">\n<div class=\"sfsibeforpstwpr\">\n<div class=\"sfsi_plus_Sicons left\"><span style=\"color: rgb(224, 62, 45);\"><strong>Communiqu\u00e9 de la FNLP &#8212; 11 d\u00e9cembre 2023<\/strong><\/span><\/div>\n<\/div>\n<p>La <strong>F\u00e9d\u00e9ration Nationale de la Libre Pens\u00e9e<\/strong>\u00a0condamne l\u2019interdiction par la\u00a0<strong>Mairie de Paris<\/strong>\u00a0d\u2019une r\u00e9union-d\u00e9bat qui \u00e9tait pr\u00e9vue le 6 d\u00e9cembre \u00e0 l\u2019initiative de\u00a0<strong>l\u2019Union Juive Fran\u00e7aise pour la Paix<\/strong>\u00a0et d\u2019autres organisations qui voulaient se r\u00e9unir pour d\u00e9battre de la situation en\u00a0<strong>Palestine<\/strong>\u00a0et\u00a0 pour la paix.\u00a0<strong>Judith Butler<\/strong>, philosophe, \u00e9tait invit\u00e9e \u00e0 cette occasion. Un message de solidarit\u00e9\u00a0<strong>d\u2019Angela Davis\u00a0<\/strong>avec le\u00a0<strong>Peuple palestinien<\/strong>\u00a0devait y \u00eatre lu.<\/p>\n<p align=\"JUSTIFY\">La\u00a0<strong>Libre Pens\u00e9e<\/strong>, qui milite pour un\u00a0<strong>cessez-le-feu imm\u00e9diat<\/strong>\u00a0et la\u00a0<strong>lev\u00e9e du blocus \u00e0 Gaza<\/strong>\u00a0et en\u00a0<strong>Cisjordanie<\/strong>, pour l\u2019\u00e9galit\u00e9 des droits entre tous les habitants de la r\u00e9gion et, cons\u00e9quemment, un seul\u00a0<strong>Etat la\u00efque et d\u00e9mocratique<\/strong>, garantissant la paix, a soutenu la demande de maintien de cette r\u00e9union par les organisateurs.<\/p>\n<p align=\"JUSTIFY\">La\u00a0<strong>Mairie de Paris<\/strong>, sa\u00a0<strong>majorit\u00e9<\/strong>\u00a0<strong>PS, PCF, EELV<\/strong>\u00a0toutes tendances confondues a maintenu leur interdiction de se r\u00e9unir pour d\u00e9battre et confirme ainsi son alignement sur la politique de\u00a0<strong>Macron<\/strong>, de\u00a0<strong>Biden<\/strong>\u00a0et des autres gouvernements soutenant la politique de\u00a0<strong>g\u00e9nocide du Peuple palestinien.<\/strong><\/p>\n<p align=\"JUSTIFY\">La\u00a0<strong>Libre Pens\u00e9e<\/strong>\u00a0d\u00e9nonce l\u2019utilisation calcul\u00e9e par la\u00a0<strong class=\"western\"><strong>Mairie de Paris<\/strong><\/strong>\u00a0de menaces venues de\u00a0<strong>groupes sionistes violents<\/strong>, comme si ce n\u2019\u00e9tait pas aux services de\u00a0<strong>l\u2019Etat<\/strong>\u00a0et de la\u00a0<strong>Mairie<\/strong>\u00a0d\u2019assurer le bon d\u00e9roulement des r\u00e9unions.\u00a0<strong>Madame Hidalgo<\/strong>\u00a0et sa\u00a0<strong>majorit\u00e9 PS, PCF, EELV<\/strong>\u00a0accepte la d\u00e9cision des groupes sionistes violents en bafouant le droit de r\u00e9union, alors qu\u2019elle devrait en \u00eatre la garante.<\/p>\n<p align=\"JUSTIFY\">Apr\u00e8s cela,<strong>\u00a0Madame Hidalgo<\/strong>\u00a0ose revendiquer aupr\u00e8s des journalistes de\u00a0<em><strong>Lib\u00e9ration<\/strong><\/em>\u00a0un \u00ab\u00a0<em>libre d\u00e9bat<\/em>\u00a0\u00bb sur la question, en interdisant la libre expression de ceux qui luttent pour la paix\u00a0! La politique de\u00a0<strong>la Mairie et<\/strong>\u00a0<strong>de sa majorit\u00e9 municipale<\/strong>\u00a0<strong>PS, PCF, EELV<\/strong>, c\u2019est<strong>\u00a0: pas de r\u00e9union, pas de d\u00e9bat et silence dans les rangs\u00a0!<\/strong><\/p>\n<p align=\"CENTER\"><em><strong>Pour eux,<\/strong><\/em><\/p>\n<p align=\"CENTER\"><em><strong>Le g\u00e9nocide du Peuple palestinien doit se faire<\/strong><\/em><\/p>\n<p align=\"CENTER\"><em><strong>dans le silence des complicit\u00e9s de tous bords<\/strong><\/em><\/p>\n<p style=\"text-align: justify;\">\u00a0<\/p>\n<p style=\"text-align: justify;\">\u00a0 \u00a0<\/p>\n<\/div>\n","protected":false},"excerpt":{"rendered":"<p>On ne nous fera pas taire\u00a0: Solidarit\u00e9 avec le Peuple palestinien\u00a0! A Vannes : rassemblement place des Lices samedi 30 janvier &#8211; 15h \u00a0 Communiqu\u00e9 de la FNLP &#8212; 11 d\u00e9cembre 2023 La F\u00e9d\u00e9ration Nationale de la Libre Pens\u00e9e\u00a0condamne l\u2019interdiction [&#8230;]<\/p>\n","protected":false},"author":1,"featured_media":181,"comment_status":"open","ping_status":"open","sticky":false,"template":"","format":"standard","meta":{"_acf_changed":false,"pagelayer_contact_templates":[],"_pagelayer_content":"","footnotes":""},"categories":[23],"tags":[],"class_list":["post-182","post","type-post","status-publish","format-standard","has-post-thumbnail","hentry","category-international"],"acf":[],"_links":{"self":[{"href":"https:\/\/lp56.fr\/infos\/wp-json\/wp\/v2\/posts\/182","targetHints":{"allow":["GET"]}}],"collection":[{"href":"https:\/\/lp56.fr\/infos\/wp-json\/wp\/v2\/posts"}],"about":[{"href":"https:\/\/lp56.fr\/infos\/wp-json\/wp\/v2\/types\/post"}],"author":[{"embeddable":true,"href":"https:\/\/lp56.fr\/infos\/wp-json\/wp\/v2\/users\/1"}],"replies":[{"embeddable":true,"href":"https:\/\/lp56.fr\/infos\/wp-json\/wp\/v2\/comments?post=182"}],"version-history":[{"count":1,"href":"https:\/\/lp56.fr\/infos\/wp-json\/wp\/v2\/posts\/182\/revisions"}],"predecessor-version":[{"id":311,"href":"https:\/\/lp56.fr\/infos\/wp-json\/wp\/v2\/posts\/182\/revisions\/311"}],"wp:featuredmedia":[{"embeddable":true,"href":"https:\/\/lp56.fr\/infos\/wp-json\/wp\/v2\/media\/181"}],"wp:attachment":[{"href":"https:\/\/lp56.fr\/infos\/wp-json\/wp\/v2\/media?parent=182"}],"wp:term":[{"taxonomy":"category","embeddable":true,"href":"https:\/\/lp56.fr\/infos\/wp-json\/wp\/v2\/categories?post=182"},{"taxonomy":"post_tag","embeddable":true,"href":"https:\/\/lp56.fr\/infos\/wp-json\/wp\/v2\/tags?post=182"}],"curies":[{"name":"wp","href":"https:\/\/api.w.org\/{rel}","templated":true}]}}