{"id":183,"date":"2024-01-17T11:38:32","date_gmt":"2024-01-17T11:38:32","guid":{"rendered":"https:\/\/lp56.fr\/infos\/2024\/01\/17\/apres-le-14-janvier-faire-converger-toutes-les-forces-vers-le-21-janvier-pour-exiger-retrait-de-la-loi-darmanin\/"},"modified":"2025-12-09T15:58:59","modified_gmt":"2025-12-09T14:58:59","slug":"apres-le-14-janvier-faire-converger-toutes-les-forces-vers-le-21-janvier-pour-exiger-retrait-de-la-loi-darmanin","status":"publish","type":"post","link":"https:\/\/lp56.fr\/infos\/2024\/01\/17\/apres-le-14-janvier-faire-converger-toutes-les-forces-vers-le-21-janvier-pour-exiger-retrait-de-la-loi-darmanin\/","title":{"rendered":"Apr\u00e8s le 14 janvier,  faire converger toutes les forces vers le 21 janvier pour exiger :  retrait de la loi Darmanin !"},"content":{"rendered":"<h1>Apr\u00e8s le 14 janvier 2024, faire converger toutes les forces<\/h1>\n<h1>vers le 21 janvier pour exiger : retrait de la loi Darmanin !<\/h1>\n<p><span style=\"color: rgb(224, 62, 45);\"><strong>Dans le Morbihan, dimanche 21 janvier, 11h :<\/strong><\/span><\/p>\n<ul>\n<li><span style=\"color: rgb(224, 62, 45);\"><strong>Vannes &#8211; Pr\u00e9fecture<\/strong><\/span><\/li>\n<li><span style=\"color: rgb(224, 62, 45);\"><strong>Lorient &#8211; Place Glotin<\/strong><\/span><\/li>\n<li><span style=\"color: rgb(224, 62, 45);\"><strong> Pontivy &#8211; La Plaine\u00a0<\/strong><\/span><\/li>\n<\/ul>\n<hr>\n<p><em><span style=\"color: rgb(224, 62, 45);\"><strong>Communiqu\u00e9 de la F\u00e9d\u00e9ration nationale de la Libre Pens\u00e9e\u00a0<\/strong><\/span><\/em><\/p>\n<p style=\"text-align: justify;\">Le gouvernement a fait voter une nouvelle loi sur I &lsquo;immigration, la trenti\u00e8me en quarante ans, avec un triple objectif :\u00a0<\/p>\n<ul>\n<li style=\"text-align: justify;\">accroitre la pression sur les immigr\u00e9s pour les pr\u00e9cariser encore plus dans l&rsquo;exploitation ;\u00a0<\/li>\n<li style=\"text-align: justify;\">les d\u00e9signer comme responsables de \u00ab l&rsquo;ins\u00e9curit\u00e9 et des violences dans la soci\u00e9t\u00e9 \u00bb pour mieux les r\u00e9primer ;\u00a0<\/li>\n<li style=\"text-align: justify;\">faire un pont avec la droite et l&rsquo;extr\u00eame droite qu&rsquo;il instrumentalise \u00e0 outrance, pour faire durer son r\u00e9gime. Mais cela commence\u00a0<br \/>\u00e0 se voir vraiment.\u00a0<\/li>\n<\/ul>\n<p style=\"text-align: justify;\">Les manifestations du 14 janvier 2024 ont montr\u00e9 la force et la d\u00e9termination de ceux qui refusent la loi r\u00e9actionnaire et raciste Darmanin contre l&rsquo;immigration et les travailleurs immigr\u00e9s.<\/p>\n<p style=\"text-align: justify;\">Le journal Le Monde \u00e9crit : <em>\u00ab Plus de quatre cents collectifs, associations, syndicats et partis politiques avaient appel\u00e9 \u00e0 manifester contre un texte qui <\/em>\u00ab\u00a0reprend les id\u00e9es de l&rsquo;extr\u00eame droite\u00a0\u00bb<em>. Des milliers d&rsquo;opposants \u00e0 la loi <\/em>\u00ab\u00a0immigration\u00a0\u00bb<em> sont descendus, dimanche 14 janvier, dans les rues \u00e0 Paris, Marseille, Bordeaux ou encore Lyon pour r\u00e9clamer le <\/em>\u00ab\u00a0retrait total\u00a0\u00bb<em> du texte et maintenir la <\/em>\u00ab\u00a0pression\u00a0\u00bb<em> avant la d\u00e9cision du Conseil constitutionnel sur la loi, qui doit \u00eatre rendue le 25 janvier\u00bb<\/em>.\u00a0<\/p>\n<p style=\"text-align: justify;\">La censure attendue ou \u00e9ventuelle de cette loi de la part du Conseil\u00a0constitutionnel ne peut aboutir qu&rsquo;\u00e0 mieux la vendre, et \u00e0 masquer son axe essentiel : la haine des \u00e9trangers. On ne peut am\u00e9liorer ni toiletter une loi aussi abjecte.\u00a0<\/p>\n<p style=\"text-align: justify;\"><strong>La seule censure qui vaille, la seule non-promulgation qui vaille, la seule solution d\u00e9mocratique, sociale et \u00e9galitaire dans le pays des droits de l&rsquo;Homme, c&rsquo;est le retrait pur et simple de cette loi inf\u00e2me !\u00a0<\/strong><\/p>\n<p style=\"text-align: justify;\">La F\u00e9d\u00e9ration nationale de la Libre Pens\u00e9e appelle tous les comit\u00e9s de quartiers, d &lsquo;immigr\u00e9s, les associations, les syndicats, les partis \u00e0 participer massivement aux manifestations du 21 janvier 2024, pour exiger le retrait de la loi Darmanin ! \u00bb\u00a0<\/p>\n<p style=\"text-align: justify;\">Paris, le 16 janvier 2024\u00a0<\/p>\n<p style=\"text-align: justify;\">\u00a0 \u00a0<\/p>\n","protected":false},"excerpt":{"rendered":"<p>Apr\u00e8s le 14 janvier 2024, faire converger toutes les forces vers le 21 janvier pour exiger : retrait de la loi Darmanin ! Dans le Morbihan, dimanche 21 janvier, 11h : Vannes &#8211; Pr\u00e9fecture Lorient &#8211; Place Glotin Pontivy &#8211; [&#8230;]<\/p>\n","protected":false},"author":1,"featured_media":0,"comment_status":"closed","ping_status":"closed","sticky":false,"template":"","format":"standard","meta":{"_acf_changed":false,"pagelayer_contact_templates":[],"_pagelayer_content":"","footnotes":""},"categories":[38],"tags":[],"class_list":["post-183","post","type-post","status-publish","format-standard","hentry","category-libertes"],"acf":[],"_links":{"self":[{"href":"https:\/\/lp56.fr\/infos\/wp-json\/wp\/v2\/posts\/183","targetHints":{"allow":["GET"]}}],"collection":[{"href":"https:\/\/lp56.fr\/infos\/wp-json\/wp\/v2\/posts"}],"about":[{"href":"https:\/\/lp56.fr\/infos\/wp-json\/wp\/v2\/types\/post"}],"author":[{"embeddable":true,"href":"https:\/\/lp56.fr\/infos\/wp-json\/wp\/v2\/users\/1"}],"replies":[{"embeddable":true,"href":"https:\/\/lp56.fr\/infos\/wp-json\/wp\/v2\/comments?post=183"}],"version-history":[{"count":1,"href":"https:\/\/lp56.fr\/infos\/wp-json\/wp\/v2\/posts\/183\/revisions"}],"predecessor-version":[{"id":312,"href":"https:\/\/lp56.fr\/infos\/wp-json\/wp\/v2\/posts\/183\/revisions\/312"}],"wp:attachment":[{"href":"https:\/\/lp56.fr\/infos\/wp-json\/wp\/v2\/media?parent=183"}],"wp:term":[{"taxonomy":"category","embeddable":true,"href":"https:\/\/lp56.fr\/infos\/wp-json\/wp\/v2\/categories?post=183"},{"taxonomy":"post_tag","embeddable":true,"href":"https:\/\/lp56.fr\/infos\/wp-json\/wp\/v2\/tags?post=183"}],"curies":[{"name":"wp","href":"https:\/\/api.w.org\/{rel}","templated":true}]}}