{"id":185,"date":"2024-04-28T22:00:00","date_gmt":"2024-04-28T22:00:00","guid":{"rendered":"https:\/\/lp56.fr\/infos\/2024\/04\/28\/laicite-et-campagne-electorale-2\/"},"modified":"2025-12-09T15:48:27","modified_gmt":"2025-12-09T14:48:27","slug":"laicite-et-campagne-electorale-2","status":"publish","type":"post","link":"https:\/\/lp56.fr\/infos\/2024\/04\/28\/laicite-et-campagne-electorale-2\/","title":{"rendered":"\u00ab\u00a0LA\u00cfCIT\u00c9\u00a0\u00bb ET CAMPAGNE \u00c9LECTORALE"},"content":{"rendered":"<p class=\"Standard\"><strong>Quand les d\u00e9fenseurs de la loi de 2004 se tirent une balle dans le pied.<\/strong><\/p>\n<p class=\"Standard\">\u00a0<\/p>\n<p class=\"Standard\">La Libre Pens\u00e9e est ind\u00e9pendante de tout parti. Ce qui ne veut pas dire qu&rsquo;elle ne pr\u00eate aucune attention \u00e0 leurs prises de position. La pr\u00e9sidente du groupe NUPES \u00e0 l&rsquo;Assembl\u00e9e nationale a critiqu\u00e9 la Une du journal<strong><em> Le Parisien <\/em><\/strong>dat\u00e9 de juin dernier\u00a0; elle mettait en avant le port de l&rsquo;abaya, au nom de la loi de 2004 qui dispose\u00a0:<em> \u00ab\u00a0Dans les \u00e9coles, les coll\u00e8ges et les lyc\u00e9es publics, le port de signes ou tenues par lesquels les \u00e9l\u00e8ves manifestent ostensiblement une appartenance religieuse est interdit.\u00a0\u00bb<\/em><\/p>\n<p class=\"Standard\">Ressort aujourd&rsquo;hui dans les revues de presse num\u00e9riques la col\u00e8re du philosophe-journaliste Rapha\u00ebl Enthoven, qui d\u00e9clarait que Mathilde Panot, ni plus ni moins, mena\u00e7ait la vie des journalistes du quotidien, en r\u00e9f\u00e9rence \u00e0 l&rsquo;attentat terroriste contre Charlie Hebdo. Rien que \u00e7a ! Modeste contribution de ce plumitif<a style=\"mso-footnote-id: ftn1;\" title=\"\" href=\"#_ftn1\" name=\"_ftnref1\"><span class=\"MsoFootnoteReference\"><span style=\"mso-special-character: footnote;\"><!-- [if !supportFootnotes]--><span style=\"font-size: 12.0pt; font-family: 'Times New Roman',serif; mso-fareast-font-family: SimSun; mso-bidi-font-family: Arial; mso-ansi-language: FR; mso-fareast-language: ZH-CN; mso-bidi-language: HI;\">[1]<\/span><!--[endif]--><\/span><\/span><\/a> \u00e0 la campagne des europ\u00e9ennes\u00a0? Sa prise de position \u00e9tait encens\u00e9e par le magazine <strong><em>Causeur. <\/em><\/strong>Monsieur Enthoven est en bonne compagnie\u00a0!<\/p>\n<p class=\"Standard\">La loi de 2004, fausse loi \u00ab la\u00efque \u00bb de plus en plus contest\u00e9e, est surtout utile contre la la\u00efcit\u00e9 telle que l&rsquo;ont voulu ses promoteurs, de Jules Ferry \u00e0 Aristide Briand ou Jean Jaur\u00e8s. Rien d&rsquo;\u00e9tonnant \u00e0 ce qu&rsquo;elle soit d\u00e9fendue par la droite politique, y compris la plus extr\u00eame et raciste. Mais de plus en plus de voix s&rsquo;\u00e9l\u00e8vent pour la d\u00e9noncer.<\/p>\n<p class=\"Standard\">Dans<strong><em> Le Monde des Id\u00e9es<\/em><\/strong> du 17 avril, Jean-Fabien Spitz, professeur \u00e9m\u00e9rite de philosophie politique \u00e0 l\u2019universit\u00e9 de Paris I-Panth\u00e9on-Sorbonne, publie une tribune sous le titre <strong>\u00ab\u00a0L\u2019interdiction des signes religieux ostentatoires \u00e0 l\u2019\u00e9cole contredit la la\u00efcit\u00e9\u00a0\u00bb.<\/strong><\/p>\n<p class=\"Standard\">Et nous pouvons appr\u00e9cier ce qu&rsquo;il d\u00e9clare dans cette tribune, notamment : <strong>\u00ab l\u2019\u00c9tat est neutre pour que les individus puissent ne pas l\u2019\u00eatre, pour qu\u2019ils puissent manifester leur diff\u00e9rence en mati\u00e8re religieuse. Lorsque les individus sont ainsi neutralis\u00e9s, c\u2019est-\u00e0-dire lorsqu\u2019il leur est interdit de manifester leurs croyances, l\u2019\u00c9tat a, par d\u00e9finition, cess\u00e9 d\u2019\u00eatre neutre, car \u00eatre neutre signifie adopter une attitude impartiale entre des partis diff\u00e9rents. \u00bb<\/strong><strong>\u00a0<\/strong><\/p>\n<h2><span style=\"font-weight: normal; font-style: normal;\">Et Jean-Fabien Spitz poursuit<\/span> \u00ab\u00a0Assez de mensonges sur la la\u00efcit\u00e9\u00a0\u00bb<\/h2>\n<p class=\"articleparagraph\"><em>\u00ab\u00a0(\u2026) il faut rappeler trois v\u00e9rit\u00e9s. La premi\u00e8re est que le pros\u00e9lytisme est une composante l\u00e9gitime de la croyance religieuse. Tenter de convertir autrui aux croyances que l\u2019on suppose poss\u00e9der un caract\u00e8re salvateur\u00a0fait partie de la libert\u00e9 de conscience.<\/em><\/p>\n<p class=\"articleparagraph\"><em>La deuxi\u00e8me est que l\u2019\u00e9cole ne peut pas \u00eatre un sanctuaire tenu \u00e0 l\u2019abri de la diversit\u00e9 qui existe dans la soci\u00e9t\u00e9. Au contraire, c\u2019est l\u00e0 que l\u2019\u0153uvre de socialisation doit apprendre aux enfants et aux adolescents qu\u2019il existe dans la soci\u00e9t\u00e9 des gens qui ont des croyances diff\u00e9rentes des leurs, et c\u2019est en apprenant ces diff\u00e9rences qu\u2019ils pourront les accepter\u00a0comme faisant partie de la vie sociale ordinaire. Aujourd\u2019hui, si l\u2019\u00e9cole est le sanctuaire de quelque chose, c\u2019est de la s\u00e9gr\u00e9gation sociale, et les gouvernants seraient bien inspir\u00e9s de s\u2019en pr\u00e9occuper, au lieu de faire la chasse aux foulards et aux jupes longues.<\/em><\/p>\n<p class=\"articleparagraph\"><em>Et enfin\u00a0: les responsables politiques qui ne cessent de jeter\u00a0de l\u2019huile sur le feu devraient comprendre que cette discrimination par le v\u00eatement, dont de nombreux t\u00e9moignages attestent qu\u2019elle se traduit par des brimades, par des humiliations, par des accusations sans preuve d\u2019entrisme int\u00e9griste et par des abandons d\u2019\u00e9tudes, produit les effets inverses de ceux que l\u2019on pr\u00e9tend rechercher.\u00a0\u00bb<\/em><\/p>\n<p class=\"articleparagraph\">Tout cela ouvre un champ de d\u00e9bats indispensables.<!-- [if !supportFootnotes]--><\/p>\n<div style=\"mso-element: footnote-list;\">\n<hr width=\"33%\" size=\"1\"><!--[endif]--><\/p>\n<div id=\"ftn1\" style=\"mso-element: footnote;\">\n<p class=\"Footnote\"><a style=\"mso-footnote-id: ftn1;\" title=\"\" href=\"#_ftnref1\" name=\"_ftn1\"><span class=\"MsoFootnoteReference\"><span style=\"mso-special-character: footnote;\"><!-- [if !supportFootnotes]--><span style=\"font-size: 10.0pt; font-family: 'Times New Roman',serif; mso-fareast-font-family: SimSun; mso-bidi-font-family: Arial; mso-ansi-language: FR; mso-fareast-language: ZH-CN; mso-bidi-language: HI;\">[1] \u00a0<\/span><!--[endif]--><\/span><\/span><\/a>Avec Caroline Fourest, il fonde le journal Franc Tireur en 2021<\/p>\n<\/div>\n<\/div>\n","protected":false},"excerpt":{"rendered":"<p>Quand les d\u00e9fenseurs de la loi de 2004 se tirent une balle dans le pied. \u00a0 La Libre Pens\u00e9e est ind\u00e9pendante de tout parti. Ce qui ne veut pas dire qu&rsquo;elle ne pr\u00eate aucune attention \u00e0 leurs prises de position. [&#8230;]<\/p>\n","protected":false},"author":1,"featured_media":0,"comment_status":"closed","ping_status":"closed","sticky":false,"template":"","format":"standard","meta":{"_acf_changed":false,"pagelayer_contact_templates":[],"_pagelayer_content":"","footnotes":""},"categories":[35],"tags":[],"class_list":["post-185","post","type-post","status-publish","format-standard","hentry","category-enseignement-public"],"acf":[],"_links":{"self":[{"href":"https:\/\/lp56.fr\/infos\/wp-json\/wp\/v2\/posts\/185","targetHints":{"allow":["GET"]}}],"collection":[{"href":"https:\/\/lp56.fr\/infos\/wp-json\/wp\/v2\/posts"}],"about":[{"href":"https:\/\/lp56.fr\/infos\/wp-json\/wp\/v2\/types\/post"}],"author":[{"embeddable":true,"href":"https:\/\/lp56.fr\/infos\/wp-json\/wp\/v2\/users\/1"}],"replies":[{"embeddable":true,"href":"https:\/\/lp56.fr\/infos\/wp-json\/wp\/v2\/comments?post=185"}],"version-history":[{"count":1,"href":"https:\/\/lp56.fr\/infos\/wp-json\/wp\/v2\/posts\/185\/revisions"}],"predecessor-version":[{"id":316,"href":"https:\/\/lp56.fr\/infos\/wp-json\/wp\/v2\/posts\/185\/revisions\/316"}],"wp:attachment":[{"href":"https:\/\/lp56.fr\/infos\/wp-json\/wp\/v2\/media?parent=185"}],"wp:term":[{"taxonomy":"category","embeddable":true,"href":"https:\/\/lp56.fr\/infos\/wp-json\/wp\/v2\/categories?post=185"},{"taxonomy":"post_tag","embeddable":true,"href":"https:\/\/lp56.fr\/infos\/wp-json\/wp\/v2\/tags?post=185"}],"curies":[{"name":"wp","href":"https:\/\/api.w.org\/{rel}","templated":true}]}}