{"id":187,"date":"2024-02-25T23:00:00","date_gmt":"2024-02-25T23:00:00","guid":{"rendered":"https:\/\/lp56.fr\/infos\/2024\/02\/25\/cest-celui-qui-dit-qui-y-est\/"},"modified":"2025-12-09T15:45:37","modified_gmt":"2025-12-09T14:45:37","slug":"cest-celui-qui-dit-qui-y-est","status":"publish","type":"post","link":"https:\/\/lp56.fr\/infos\/2024\/02\/25\/cest-celui-qui-dit-qui-y-est\/","title":{"rendered":"C&rsquo;est celui qui dit qui y est\u00a0!"},"content":{"rendered":"<p class=\"Standard\">La Libre Pens\u00e9e a pris connaissance de la d\u00e9claration de monsieur Anthony Morel, \u00e9lu d&rsquo;opposition \u00e0 S\u00e9n\u00e9, publi\u00e9e dans Ouest France du 26\/02. Il critique la prise de position de la maire, Madame Sylvie Sculo, qui a d\u00e9clar\u00e9 voter les cr\u00e9dits \u00e0 l&rsquo;\u00e9cole Sainte-Anne par obligation l\u00e9gale et non par conviction. Et il l&rsquo;accuse de diviser la population : <em>\u00ab\u00a0Par son attitude, elle risque d\u2019engendrer une rivalit\u00e9 entre l\u2019\u00e9cole priv\u00e9e\u00a0et publique\u00a0\u00bb.<\/em><\/p>\n<p class=\"Standard\">\u00a0<br \/>La Libre Pens\u00e9e se f\u00e9licite d&rsquo;avoir sign\u00e9, avec plus d&rsquo;une quinzaine d&rsquo;associations et de syndicats enseignants, une d\u00e9claration publi\u00e9e sur le site du Monde du 30 janvier, qui proclame\u00a0: <em>\u00ab\u00a0<strong>\u00c9cole de toute la jeunesse, l\u2019\u00c9cole publique, la\u00efque, gratuite et obligatoire doit \u00eatre LA priorit\u00e9 du pays.\u00a0\u00bb <\/strong><\/em>Et cette d\u00e9claration <span style=\"mso-spacerun: yes;\">\u00a0<\/span>affirme\u00a0:<em> \u00ab\u00a0Le financement collectif du s\u00e9paratisme social et scolaire n\u2019est pas acceptable, l\u2019argent public doit aller \u00e0 l\u2019\u00c9cole publique. Cela permettra notamment une gratuit\u00e9 compl\u00e8te effective, particuli\u00e8rement utile \u00e0 la scolarisation des \u00e9l\u00e8ves des familles les plus d\u00e9favoris\u00e9es.\u00a0\u00bb<\/em><\/p>\n<p class=\"Standard\">\u00a0<br \/>Le secr\u00e9tariat g\u00e9n\u00e9ral de l&rsquo;enseignement catholique indique\u00a0: <em>\u00ab\u00a0Les\u00a0\u00e9tablissements catholiques se r\u00e9f\u00e8rent \u00e0 l\u2019\u00c9vangile (\u2026) en proposant, sans les imposer,\u00a0un message chr\u00e9tien et une\u00a0annonce explicite de la foi.\u00a0\u00bb <\/em>Il n&rsquo;y a aucune raison pour que tous les contribuables financent une \u00e9ducation qui rel\u00e8ve d&rsquo;un choix personnel, rejetant la neutralit\u00e9 et la la\u00efcit\u00e9 de l&rsquo;\u00e9cole publique ; la la\u00efcit\u00e9 est la libert\u00e9 de conscience, une \u00e9cole confessionnelle vise \u00e0 former des adeptes. De plus, la d\u00e9gradation continue de l&rsquo;\u00e9cole publique fait du s\u00e9paratisme de l&rsquo;\u00e9cole confessionnelle une s\u00e9gr\u00e9gation sociale. L\u00e0 est la vraie division, du fait de la concurrence fauss\u00e9e entre priv\u00e9 confessionnel et public la\u00efque.<\/p>\n","protected":false},"excerpt":{"rendered":"<p>La Libre Pens\u00e9e a pris connaissance de la d\u00e9claration de monsieur Anthony Morel, \u00e9lu d&rsquo;opposition \u00e0 S\u00e9n\u00e9, publi\u00e9e dans Ouest France du 26\/02. Il critique la prise de position de la maire, Madame Sylvie Sculo, qui a d\u00e9clar\u00e9 voter les [&#8230;]<\/p>\n","protected":false},"author":1,"featured_media":0,"comment_status":"closed","ping_status":"closed","sticky":false,"template":"","format":"standard","meta":{"_acf_changed":false,"pagelayer_contact_templates":[],"_pagelayer_content":"","footnotes":""},"categories":[34],"tags":[],"class_list":["post-187","post","type-post","status-publish","format-standard","hentry","category-ecole-privee-confessionnelle"],"acf":[],"_links":{"self":[{"href":"https:\/\/lp56.fr\/infos\/wp-json\/wp\/v2\/posts\/187","targetHints":{"allow":["GET"]}}],"collection":[{"href":"https:\/\/lp56.fr\/infos\/wp-json\/wp\/v2\/posts"}],"about":[{"href":"https:\/\/lp56.fr\/infos\/wp-json\/wp\/v2\/types\/post"}],"author":[{"embeddable":true,"href":"https:\/\/lp56.fr\/infos\/wp-json\/wp\/v2\/users\/1"}],"replies":[{"embeddable":true,"href":"https:\/\/lp56.fr\/infos\/wp-json\/wp\/v2\/comments?post=187"}],"version-history":[{"count":1,"href":"https:\/\/lp56.fr\/infos\/wp-json\/wp\/v2\/posts\/187\/revisions"}],"predecessor-version":[{"id":314,"href":"https:\/\/lp56.fr\/infos\/wp-json\/wp\/v2\/posts\/187\/revisions\/314"}],"wp:attachment":[{"href":"https:\/\/lp56.fr\/infos\/wp-json\/wp\/v2\/media?parent=187"}],"wp:term":[{"taxonomy":"category","embeddable":true,"href":"https:\/\/lp56.fr\/infos\/wp-json\/wp\/v2\/categories?post=187"},{"taxonomy":"post_tag","embeddable":true,"href":"https:\/\/lp56.fr\/infos\/wp-json\/wp\/v2\/tags?post=187"}],"curies":[{"name":"wp","href":"https:\/\/api.w.org\/{rel}","templated":true}]}}