{"id":188,"date":"2024-09-23T21:53:37","date_gmt":"2024-09-23T21:53:37","guid":{"rendered":"https:\/\/lp56.fr\/infos\/2024\/09\/23\/diwan\/"},"modified":"2025-12-09T15:29:13","modified_gmt":"2025-12-09T14:29:13","slug":"diwan","status":"publish","type":"post","link":"https:\/\/lp56.fr\/infos\/2024\/09\/23\/diwan\/","title":{"rendered":"Diwan"},"content":{"rendered":"<p><strong>Communiqu\u00e9 de la Libre Pens\u00e9e du Morbihan <\/strong><\/p>\n<p>\u00a0<\/p>\n<p>Diff\u00e9rentes collectivit\u00e9s territoriales, communes, d\u00e9partements, R\u00e9gion&#8230; on d\u00e9cid\u00e9 de venir en aide au r\u00e9seau d&rsquo;enseignement priv\u00e9 Diwan, en difficult\u00e9s financi\u00e8res.<\/p>\n<p>La Libre Pens\u00e9e attire l&rsquo;attention sur les r\u00e8gles applicables pour les subventions \u00e0 un \u00e9tablissement d&rsquo;enseignement.<\/p>\n<p>Pour l&rsquo;enseignement primaire, la r\u00e8gle est le principe de parit\u00e9 avec l&rsquo;enseignement public ; il n&rsquo;est pas possible de favoriser les \u00e9coles de droit priv\u00e9.<\/p>\n<p>Pour l&rsquo;enseignement secondaire, la r\u00e8gle est celle pos\u00e9e par\u00a0<span style=\"color: #000000;\">l\u2019article L. 151-4 du code de l\u2019\u00e9ducation, issu de l\u2019article 69 de la loi du comte Alfred de Falloux du 15 mars 1850, \u00ab\u00a0 <\/span><span style=\"color: #000000;\"><em>Les \u00e9tablissements d&rsquo;enseignement g\u00e9n\u00e9ral du second degr\u00e9 priv\u00e9s peuvent obtenir des communes, des d\u00e9partements, des r\u00e9gions ou de l&rsquo;\u00c9tat des locaux et une subvention, sans que cette subvention puisse exc\u00e9der le dixi\u00e8me des d\u00e9penses annuelles de l&rsquo;\u00e9tablissement. Le conseil acad\u00e9mique de l&rsquo;\u00e9ducation nationale donne son avis pr\u00e9alable sur l&rsquo;opportunit\u00e9 de ces subventions <\/em><\/span><span style=\"color: #000000;\">.\u00a0<\/span><span style=\"color: #000000;\">\u00bb<\/span><\/p>\n<p><span style=\"color: #000000;\">Le respect de ces dispositions est soumis au contr\u00f4le des services de l\u2019\u00c9tat.\u00a0<\/span><\/p>\n<p><span style=\"color: #000000;\">La Chambre r\u00e9gionale des Comptes, dans un rapport du 12\/02\/2024 portant sur le r\u00e9seau Diwan du Finist\u00e8re, a fait remarquer que\u00a0<\/span><span style=\"color: #000000;\"><em>\u00ab\u00a0La gratuit\u00e9 de l\u2019enseignement limite les ressources mobilisables par le r\u00e9seau.\u00a0\u00bb <\/em><\/span><\/p>\n<p>\u00a0<\/p>\n<p><span style=\"color: #000000;\">Selon les chiffres avanc\u00e9s par le r\u00e9seau <\/span><span style=\"color: #000000;\"><em>\u00ab\u00a01001 <\/em><\/span><em>\u00c9coles<\/em><span style=\"color: #000000;\"><em> priv\u00e9es\u00a0\u00bb<\/em><\/span><span style=\"color: #000000;\">, les frais d&rsquo;inscription sont en moyenne de 390 \u20ac en \u00e9cole primaire, de 763 \u20ac au coll\u00e8ge et de 1 176 \u20ac au lyc\u00e9e (chiffres de 2022). <\/span><\/p>\n<p><span style=\"color: #000000;\">203 \u00e9l\u00e8ves sont inscrits au coll\u00e8ge-lyc\u00e9e de Vannes, 65 en primaire. Sur la base de ces chiffres, c&rsquo;est donc une ressource potentielle de l&rsquo;ordre de 200 000 \u20ac. <\/span><\/p>\n<p>\u00a0<\/p>\n<p><span style=\"color: #000000;\">La Libre Pens\u00e9e est attach\u00e9e \u00e0 la libert\u00e9 de l&rsquo;enseignement, d&rsquo;ailleurs mise \u00e0 mal par la loi du <\/span><span style=\"color: #000000;\"><span lang=\"fr-FR\">24 ao\u00fbt 2021, \u00ab <\/span><\/span><span style=\"color: #000000;\"><span lang=\"fr-FR\"><em>\u00a0Loi confortant le respect des principes de la R\u00e9publique <\/em><\/span><\/span><span style=\"color: #000000;\"><span lang=\"fr-FR\">\u00a0\u00bb en ce qui concerne l&rsquo;instruction en famille (art. 49). <\/span><\/span><\/p>\n<p><span style=\"color: #000000;\"><span lang=\"fr-FR\">Mais cette libert\u00e9, dans une r\u00e9publique la\u00efque, ne devrait pas imposer \u00e0 la collectivit\u00e9 nationale une prise en charge financi\u00e8re. A cet \u00e9gard, la Libre Pens\u00e9e est partie prenante\u00a0<\/span><\/span><span lang=\"fr-FR\">du collectif de d\u00e9fense de l\u2019\u00c9cole publique la\u00efque , associant organisations syndicales et associations <\/span><strong><span lang=\"fr-FR\">Pour un Plan de sortie du financement public de l\u2019enseignement priv\u00e9.<\/span><\/strong><span style=\"color: #000000;\"><span style=\"font-size: medium;\"><span lang=\"fr-FR\">La Libre Pens\u00e9e a ainsi r\u00e9dig\u00e9 une proposition soumise \u00e0 la discussion collective. <\/span><\/span><\/span><\/p>\n<h1 class=\"western\" lang=\"fr-FR\"><span style=\"color: #000000;\"><span style=\"font-size: medium;\"><strong>L\u2019\u00e9loge de l\u2019\u00c9cole priv\u00e9e, \u00e7a suffit ! Que vive l\u2019\u00c9cole publique !<br \/>\u00a0 \u00a0 \u00a0<\/strong><\/span><\/span><\/h1>\n","protected":false},"excerpt":{"rendered":"<p>Communiqu\u00e9 de la Libre Pens\u00e9e du Morbihan \u00a0 Diff\u00e9rentes collectivit\u00e9s territoriales, communes, d\u00e9partements, R\u00e9gion&#8230; on d\u00e9cid\u00e9 de venir en aide au r\u00e9seau d&rsquo;enseignement priv\u00e9 Diwan, en difficult\u00e9s financi\u00e8res. La Libre Pens\u00e9e attire l&rsquo;attention sur les r\u00e8gles applicables pour les subventions [&#8230;]<\/p>\n","protected":false},"author":1,"featured_media":0,"comment_status":"closed","ping_status":"closed","sticky":false,"template":"","format":"standard","meta":{"_acf_changed":false,"pagelayer_contact_templates":[],"_pagelayer_content":"","footnotes":""},"categories":[37],"tags":[],"class_list":["post-188","post","type-post","status-publish","format-standard","hentry","category-enseignement-prive-diwan"],"acf":[],"_links":{"self":[{"href":"https:\/\/lp56.fr\/infos\/wp-json\/wp\/v2\/posts\/188","targetHints":{"allow":["GET"]}}],"collection":[{"href":"https:\/\/lp56.fr\/infos\/wp-json\/wp\/v2\/posts"}],"about":[{"href":"https:\/\/lp56.fr\/infos\/wp-json\/wp\/v2\/types\/post"}],"author":[{"embeddable":true,"href":"https:\/\/lp56.fr\/infos\/wp-json\/wp\/v2\/users\/1"}],"replies":[{"embeddable":true,"href":"https:\/\/lp56.fr\/infos\/wp-json\/wp\/v2\/comments?post=188"}],"version-history":[{"count":1,"href":"https:\/\/lp56.fr\/infos\/wp-json\/wp\/v2\/posts\/188\/revisions"}],"predecessor-version":[{"id":317,"href":"https:\/\/lp56.fr\/infos\/wp-json\/wp\/v2\/posts\/188\/revisions\/317"}],"wp:attachment":[{"href":"https:\/\/lp56.fr\/infos\/wp-json\/wp\/v2\/media?parent=188"}],"wp:term":[{"taxonomy":"category","embeddable":true,"href":"https:\/\/lp56.fr\/infos\/wp-json\/wp\/v2\/categories?post=188"},{"taxonomy":"post_tag","embeddable":true,"href":"https:\/\/lp56.fr\/infos\/wp-json\/wp\/v2\/tags?post=188"}],"curies":[{"name":"wp","href":"https:\/\/api.w.org\/{rel}","templated":true}]}}