{"id":193,"date":"2024-12-01T16:11:04","date_gmt":"2024-12-01T16:11:04","guid":{"rendered":"https:\/\/lp56.fr\/infos\/2024\/12\/01\/rendez-vous-laique-samedi-7-decembre\/"},"modified":"2025-12-09T15:43:42","modified_gmt":"2025-12-09T14:43:42","slug":"rendez-vous-laique-samedi-7-decembre","status":"publish","type":"post","link":"https:\/\/lp56.fr\/infos\/2024\/12\/01\/rendez-vous-laique-samedi-7-decembre\/","title":{"rendered":"Rendez-vous la\u00efque  Samedi 7 d\u00e9cembre"},"content":{"rendered":"<p class=\"Standard\">\u00a0<\/p>\n<table style=\"border-collapse: collapse; width: 100%; border-width: 0px;\" border=\"1\">\n<colgroup>\n<col style=\"width: 50%;\">\n<col style=\"width: 50%;\"><\/colgroup>\n<tbody>\n<tr>\n<td style=\"vertical-align: bottom; border-width: 0px;\">\n<p class=\"Standard\"><span style=\"font-size: 36.0pt; font-family: 'Source Serif Pro SemiBold',serif;\">Rendez-vous la\u00efque<br \/><span style=\"font-size: 8px;\">\u00a0 \u00a0<\/span><\/span><\/p>\n<p class=\"Standard\"><strong><span style=\"font-size: 30.0pt; font-family: 'Source Serif Pro SemiBold',serif;\">Samedi 7 d\u00e9cembre<br \/><span style=\"font-size: 8px;\">\u00a0 \u00a0<\/span><\/span><\/strong><\/p>\n<p class=\"Standard\"><span style=\"font-size: 22.0pt; font-family: 'Source Serif Pro SemiBold',serif;\">15 h \u2013 arbre de la la\u00efcit\u00e9<\/span><\/p>\n<p class=\"Standard\" style=\"margin-bottom: 8.5pt;\"><span style=\"font-size: 16.0pt; font-family: 'Source Serif Pro SemiBold',serif;\">(derri\u00e8re le Palais des Arts \u00e0 Vannes)<\/span><\/p>\n<p class=\"Standard\"><span style=\"font-size: 22.0pt; font-family: 'Source Serif Pro SemiBold',serif;\">16 h \u2013 r\u00e9union-d\u00e9bat<\/span><\/p>\n<p class=\"Standard\"><span style=\"font-size: 18.0pt; font-family: 'Source Serif Pro SemiBold',serif;\">salle Corvette, Palais des Arts<\/span><\/p>\n<p class=\"Standard\"><em><span style=\"font-size: 22.0pt; font-family: 'Source Serif Pro SemiBold',serif;\">introduction <\/span><\/em><strong><em><span style=\"font-size: 26.0pt; font-family: 'Source Serif Pro SemiBold',serif;\">Nicolas Cad\u00e8ne<\/span><\/em><\/strong><\/p>\n<p class=\"Standard\" style=\"margin-bottom: 11.35pt;\"><span style=\"font-size: 16.0pt; font-family: 'Source Serif Pro SemiBold',serif;\">(Vigie de la la\u00efcit\u00e9) \u2013 en visio-conf\u00e9rence<\/span><\/p>\n<\/td>\n<td style=\"vertical-align: bottom; border-width: 0px;\"><\/td>\n<\/tr>\n<\/tbody>\n<\/table>\n<p class=\"Standard\" style=\"text-align: center;\"><span style=\"font-size: 18.0pt; font-family: 'Comic Sans MS';\">A l&rsquo;appel des organisations qui ont adopt\u00e9 la<\/span><\/p>\n<p class=\"Standard\" style=\"text-align: center;\" align=\"center\"><strong><span style=\"font-size: 21.0pt; font-family: 'Comic Sans MS';\">Charte du collectif morbihannais pour la d\u00e9fense<\/span><\/strong><\/p>\n<p class=\"Standard\" style=\"text-align: center;\" align=\"center\"><strong><span style=\"font-size: 21.0pt; font-family: 'Comic Sans MS';\">et la promotion de la la\u00efcit\u00e9<\/span><\/strong><\/p>\n<p class=\"Standard\"><strong><span style=\"font-family: 'Arial',sans-serif;\">\u00a0<\/span><\/strong><\/p>\n<p class=\"Standard\" style=\"margin-bottom: 5.65pt; text-indent: 8.5pt;\"><span style=\"font-size: 14.0pt; font-family: 'Arial',sans-serif;\">Le principe de la\u00efcit\u00e9, issu de la loi du 9 d\u00e9cembre 1905 et inscrit dans la constitution de 1958, laisse aux citoyens et citoyennes la libert\u00e9 de croire ou de ne pas croire dans le respect de \u00ab\u00a0l\u2019ordre public \u00e9tabli par la loi\u00a0\u00bb<\/span><\/p>\n<p class=\"Standard\" style=\"margin-bottom: 5.65pt; text-indent: 8.5pt;\"><span style=\"font-size: 14.0pt; font-family: 'Arial',sans-serif;\">Imposant la neutralit\u00e9 des institutions publiques, elle est un outil d&rsquo;\u00e9mancipation.<\/span><\/p>\n<p class=\"Standard\" style=\"margin-bottom: 5.65pt; text-align: justify; text-justify: inter-ideograph; text-indent: 8.5pt;\"><span style=\"font-size: 14.0pt; font-family: 'Arial',sans-serif;\">Elle fait l\u2019objet tr\u00e8s r\u00e9guli\u00e8rement d\u2019attaques, de remises en cause de ses fondements. Elle est souvent d\u00e9tourn\u00e9e, pour porter un jugement sur les dogmes et les manifestations de telle ou telle religion, pour imposer des r\u00e8gles de comportement personnel. Elle est mise en cause sur le fond, celui de l&rsquo;indiff\u00e9rence de l\u2019\u00c9tat et de ses repr\u00e9sentants vis \u00e0 vis des cultes, par leur pr\u00e9sence et leur intervention dans des activit\u00e9s cultuelles.<\/span><\/p>\n<p class=\"Standard\" style=\"margin-bottom: 5.65pt; text-align: justify; text-justify: inter-ideograph; text-indent: 8.5pt;\"><span style=\"font-size: 14.0pt; font-family: 'Arial',sans-serif;\">Ayant la volont\u00e9 de r\u00e9affirmer la place d\u00e9cisive de la la\u00efcit\u00e9 dans la R\u00e9publique, de d\u00e9fendre et promouvoir la la\u00efcit\u00e9 par la mise en place d&rsquo;actions concr\u00e8tes et de moments d&rsquo;\u00e9changes et de r\u00e9flexion, les organisations r\u00e9unies sur la Charte de d\u00e9fense et de promotion de la la\u00efcit\u00e9 vous invitent \u00e0 participer aux initiatives de ce samedi 7 d\u00e9cembre \u00e0 Vannes.<\/span><\/p>\n<p class=\"Standard\" style=\"margin-bottom: 5.65pt; text-align: justify; text-justify: inter-ideograph; text-indent: 8.5pt;\"><span style=\"font-size: 14.0pt; font-family: 'Arial',sans-serif;\"><img decoding=\"async\" src=\"https:\/\/lp56.fr\/infos\/wp-content\/uploads\/2024\/12\/logos-7-dec-2024-31f.png\" width=\"707\" height=\"249\" loading=\"lazy\" data-path=\"local-images:\/logos 7 dec 2024.png\"><\/span><\/p>\n","protected":false},"excerpt":{"rendered":"<p>\u00a0 Rendez-vous la\u00efque\u00a0 \u00a0 Samedi 7 d\u00e9cembre\u00a0 \u00a0 15 h \u2013 arbre de la la\u00efcit\u00e9 (derri\u00e8re le Palais des Arts \u00e0 Vannes) 16 h \u2013 r\u00e9union-d\u00e9bat salle Corvette, Palais des Arts introduction Nicolas Cad\u00e8ne (Vigie de la la\u00efcit\u00e9) \u2013 en [&#8230;]<\/p>\n","protected":false},"author":1,"featured_media":191,"comment_status":"closed","ping_status":"closed","sticky":false,"template":"","format":"standard","meta":{"_acf_changed":false,"pagelayer_contact_templates":[],"_pagelayer_content":"","footnotes":""},"categories":[21],"tags":[],"class_list":["post-193","post","type-post","status-publish","format-standard","has-post-thumbnail","hentry","category-laicite"],"acf":[],"_links":{"self":[{"href":"https:\/\/lp56.fr\/infos\/wp-json\/wp\/v2\/posts\/193","targetHints":{"allow":["GET"]}}],"collection":[{"href":"https:\/\/lp56.fr\/infos\/wp-json\/wp\/v2\/posts"}],"about":[{"href":"https:\/\/lp56.fr\/infos\/wp-json\/wp\/v2\/types\/post"}],"author":[{"embeddable":true,"href":"https:\/\/lp56.fr\/infos\/wp-json\/wp\/v2\/users\/1"}],"replies":[{"embeddable":true,"href":"https:\/\/lp56.fr\/infos\/wp-json\/wp\/v2\/comments?post=193"}],"version-history":[{"count":1,"href":"https:\/\/lp56.fr\/infos\/wp-json\/wp\/v2\/posts\/193\/revisions"}],"predecessor-version":[{"id":319,"href":"https:\/\/lp56.fr\/infos\/wp-json\/wp\/v2\/posts\/193\/revisions\/319"}],"wp:featuredmedia":[{"embeddable":true,"href":"https:\/\/lp56.fr\/infos\/wp-json\/wp\/v2\/media\/191"}],"wp:attachment":[{"href":"https:\/\/lp56.fr\/infos\/wp-json\/wp\/v2\/media?parent=193"}],"wp:term":[{"taxonomy":"category","embeddable":true,"href":"https:\/\/lp56.fr\/infos\/wp-json\/wp\/v2\/categories?post=193"},{"taxonomy":"post_tag","embeddable":true,"href":"https:\/\/lp56.fr\/infos\/wp-json\/wp\/v2\/tags?post=193"}],"curies":[{"name":"wp","href":"https:\/\/api.w.org\/{rel}","templated":true}]}}