{"id":204,"date":"2025-03-23T16:39:28","date_gmt":"2025-03-23T16:39:28","guid":{"rendered":"https:\/\/lp56.fr\/infos\/2025\/03\/23\/journee-internationale-contre-le-racisme-et-le-fascisme-22-mars\/"},"modified":"2025-12-09T15:57:27","modified_gmt":"2025-12-09T14:57:27","slug":"journee-internationale-contre-le-racisme-et-le-fascisme-22-mars","status":"publish","type":"post","link":"https:\/\/lp56.fr\/infos\/2025\/03\/23\/journee-internationale-contre-le-racisme-et-le-fascisme-22-mars\/","title":{"rendered":"Journ\u00e9e internationale contre le racisme et le fascisme &#8211; 22 mars"},"content":{"rendered":"<p class=\"Standard\" style=\"text-align: justify; text-justify: inter-ideograph;\"><span style=\"font-family: 'Arial',sans-serif;\">Bonjour \u00e0 toutes et \u00e0 tous,<\/span><\/p>\n<p class=\"Standard\" style=\"text-align: justify; text-justify: inter-ideograph;\">\u00a0<\/p>\n<p class=\"Standard\" style=\"text-align: justify; text-justify: inter-ideograph;\"><span style=\"font-family: 'Arial',sans-serif;\">Diff\u00e9rentes organisations, pr\u00e9sentes ici, ont repris l&rsquo;appel, lanc\u00e9 <span style=\"color: black;\">par la Marche des Solidarit\u00e9s, les Collectifs de Sans-papiers et les Collectifs de mineur.es isol\u00e9.es en lutte, soutenu il y a une semaine par plus de 506 organisations, nationales et locales.<\/span><\/span><\/p>\n<p class=\"Standard\" style=\"text-align: justify; text-justify: inter-ideograph;\"><span style=\"font-family: 'Arial',sans-serif; color: black;\">Je repr\u00e9sente ici la Libre Pens\u00e9e, une vieille dame de plus de 170 ans. Nous sommes l\u00e0 parce que nous d\u00e9fendons la libert\u00e9 de conscience, la libert\u00e9 d&rsquo;opinion, la libert\u00e9 d&rsquo;avoir une religion ou pas, la libert\u00e9 de vivre selon ses convictions. Nous savons qui sont ceux qui s&rsquo;y opposent.<\/span><\/p>\n<p class=\"Standard\" style=\"text-align: justify; text-justify: inter-ideograph;\"><span style=\"font-family: 'Arial',sans-serif; color: black;\">Nous avons dit et nous disons\u00a0: u<\/span><span style=\"font-family: 'Arial',sans-serif;\">n seul imp\u00e9ratif pour d\u00e9fendre la d\u00e9mocratie : Battre l\u2019extr\u00eame-droite et ses alli\u00e9s directs et indirects !<\/span><\/p>\n<p class=\"Standard\" style=\"text-align: justify; text-justify: inter-ideograph;\"><span style=\"font-family: 'Arial',sans-serif;\">Chasser les Macronistes, responsables de leur expansion !<\/span><\/p>\n<p class=\"Standard\" style=\"text-align: justify; text-justify: inter-ideograph;\">\u00a0<\/p>\n<p class=\"Standard\" style=\"text-align: justify; text-justify: inter-ideograph;\"><span style=\"font-family: 'Arial',sans-serif; color: black;\">Ce samedi 22 est celui de la Journ\u00e9e internationale contre le racisme et le fascisme. Elle r\u00e9pond au rassemblement, les 16-17 novembre dernier \u00e0 Londres, de 15 organisations. Ces organisations ont d\u00e9cid\u00e9 d&rsquo;agir ensemble pour construire une r\u00e9ponse internationale. Une r\u00e9ponse internationale \u00e0 la fois contre les partis d&rsquo;extr\u00eame droite et fascisants ; une r\u00e9ponse contre toutes les formes de racisme, de x\u00e9nophobie et de haine des \u00ab migrants \u00bb.<\/span><\/p>\n<p class=\"Standard\" style=\"text-align: justify; text-justify: inter-ideograph;\"><span style=\"font-family: 'Arial',sans-serif; color: black;\">En France, la r\u00e9ponse est l\u00e0. C&rsquo;est celle de ceux qu&rsquo;ils appellent \u00ab La France d&rsquo;en bas \u00bb. C&rsquo;est celles des jeunes, celle de ceux qui sont exploit\u00e9s dans leur travail, celle de ceux \u00e0 qui on refuse l&rsquo;\u00e9galit\u00e9 des droits, des droits de citoyen, des droits \u00e0 l&rsquo;\u00e9ducation, \u00e0 la sant\u00e9. Celle de ceux \u00e0 qui on colle une \u00e9tiquette ; une couleur de peau, une origine ethnique, g\u00e9ographique, une religion particuli\u00e8re. Pour nous diviser.<\/span><\/p>\n<p class=\"Standard\" style=\"text-align: justify; text-justify: inter-ideograph;\"><span style=\"font-family: 'Arial',sans-serif; color: black;\">Nous sommes dans un moment de tensions, d&rsquo;incertitudes. On agite la menace de guerre, de guerre en Europe. C&rsquo;est le gouvernement des Macron et Bayrou qui veut nous engager dans un processus qui m\u00e8ne \u00e0 la barbarie. Nous savons que la marche \u00e0 la guerre, c&rsquo;est les attaques contre les libert\u00e9s, les conqu\u00eates sociales et d\u00e9mocratiques ; la marche \u00e0 la guerre, c&rsquo;est la x\u00e9nophobie, la haine contre \u00ab l&rsquo;ennemi \u00bb. Parce qu&rsquo;il faut un ennemi, en particulier un ennemi de l&rsquo;int\u00e9rieur. Et nous savons qui sont ceux qui en subiront les premiers les cons\u00e9quences : les plus fragiles, les plus menac\u00e9s.<\/span><\/p>\n<p class=\"Standard\" style=\"text-align: justify; text-justify: inter-ideograph;\"><span style=\"font-family: 'Arial',sans-serif; color: black;\">C&rsquo;est ce gouvernement qui a fait voter la loi du 26 janvier 2024 pour \u00ab contr\u00f4ler l&rsquo;immigration \u00bb. Loi dont 16 des 19 premiers articles ont \u00e9t\u00e9 censur\u00e9s par le Conseil constitutionnel. Une des lois les plus r\u00e9pressives des 40 derni\u00e8res ann\u00e9es, nous dit la CIMADE.<\/span><\/p>\n<p class=\"Standard\" style=\"text-align: justify; text-justify: inter-ideograph;\"><span style=\"font-family: 'Arial',sans-serif; color: black;\">C&rsquo;est ce gouvernement qui promulgue la circulaire du 23 janvier 2025 du ministre Bruno Retailleau, destin\u00e9e \u00e0 orienter l&rsquo;action discr\u00e9tionnaire des pr\u00e9fets. Aucun droit au recours sur la base de cette circulaire contre un refus de r\u00e9gularisation !<\/span><\/p>\n<p class=\"Standard\" style=\"text-align: justify; text-justify: inter-ideograph;\"><span style=\"font-family: 'Arial',sans-serif; color: black;\">Nous voyons tous les jours les cons\u00e9quences d&rsquo;une situation o\u00f9 dure un gouvernement minoritaire, un gouvernement qui reprend les mots, les orientations, les objectifs d&rsquo;une extr\u00eame droite qui aide \u00e0 son maintien. Nous voyons les groupes qui se r\u00e9clament d&rsquo;une id\u00e9ologie fascisante agir de plus en plus au grand jour.<\/span><\/p>\n<p class=\"Standard\" style=\"text-align: justify; text-justify: inter-ideograph;\"><span style=\"font-family: 'Arial',sans-serif; color: black;\">Nous sommes l\u00e0. Nos anc\u00eatres ont inscrit une devise au fronton des b\u00e2timents publics\u00a0: Libert\u00e9, \u00c9galit\u00e9, Fraternit\u00e9. Il est urgent d&rsquo;y revenir.<\/span><\/p>\n","protected":false},"excerpt":{"rendered":"<p class=\"Standard\" style=\"text-align: justify; text-justify: inter-ideograph;\"><span style=\"font-family: 'Arial',sans-serif;\">Bonjour \u00e0 toutes et \u00e0 tous,<\/span><\/p>\n<p class=\"Standard\" style=\"text-align: justify; text-justify: inter-ideograph;\">\u00a0<\/p>\n<p class=\"Standard\" style=\"text-align: justify; text-justify: inter-ideograph;\"><span style=\"font-family: 'Arial',sans-serif;\">Diff\u00e9rentes organisations, pr\u00e9sentes ici, ont repris l&rsquo;appel, lanc\u00e9 <span style=\"color: black;\">par la Marche des Solidarit\u00e9s, les Collectifs de Sans-papiers et les Collectifs de mineur.es isol\u00e9.es en lutte, soutenu il y a une semaine par plus de 506 organisations, nationales et locales.<\/span><\/span><\/p>\n<p class=\"Standard\" style=\"text-align: justify; text-justify: inter-ideograph;\"><span style=\"font-family: 'Arial',sans-serif; color: black;\">Je repr\u00e9sente ici la Libre Pens\u00e9e, une vieille dame de plus de 170 ans. Nous sommes l\u00e0 parce que nous d\u00e9fendons la libert\u00e9 de conscience, la libert\u00e9 d&rsquo;opinion, la libert\u00e9 d&rsquo;avoir une religion ou pas, la libert\u00e9 de vivre selon ses convictions. Nous savons qui sont ceux qui s&rsquo;y opposent.<\/span><\/p>\n<p class=\"Standard\" style=\"text-align: justify; text-justify: inter-ideograph;\"><span style=\"font-family: 'Arial',sans-serif; color: black;\">Nous avons dit et nous disons\u00a0: u<\/span><span style=\"font-family: 'Arial',sans-serif;\">n seul imp\u00e9ratif pour d\u00e9fendre la d\u00e9mocratie : Battre l\u2019extr\u00eame-droite et ses alli\u00e9s directs et indirects !<\/span><\/p>\n<p class=\"Standard\" style=\"text-align: justify; text-justify: inter-ideograph;\"><span style=\"font-family: 'Arial',sans-serif;\">Chasser les Macronistes, responsables de leur expansion !<\/span><\/p>\n","protected":false},"author":1,"featured_media":203,"comment_status":"closed","ping_status":"closed","sticky":false,"template":"","format":"standard","meta":{"_acf_changed":false,"pagelayer_contact_templates":[],"_pagelayer_content":"","footnotes":""},"categories":[38],"tags":[],"class_list":["post-204","post","type-post","status-publish","format-standard","has-post-thumbnail","hentry","category-libertes"],"acf":[],"_links":{"self":[{"href":"https:\/\/lp56.fr\/infos\/wp-json\/wp\/v2\/posts\/204","targetHints":{"allow":["GET"]}}],"collection":[{"href":"https:\/\/lp56.fr\/infos\/wp-json\/wp\/v2\/posts"}],"about":[{"href":"https:\/\/lp56.fr\/infos\/wp-json\/wp\/v2\/types\/post"}],"author":[{"embeddable":true,"href":"https:\/\/lp56.fr\/infos\/wp-json\/wp\/v2\/users\/1"}],"replies":[{"embeddable":true,"href":"https:\/\/lp56.fr\/infos\/wp-json\/wp\/v2\/comments?post=204"}],"version-history":[{"count":1,"href":"https:\/\/lp56.fr\/infos\/wp-json\/wp\/v2\/posts\/204\/revisions"}],"predecessor-version":[{"id":322,"href":"https:\/\/lp56.fr\/infos\/wp-json\/wp\/v2\/posts\/204\/revisions\/322"}],"wp:featuredmedia":[{"embeddable":true,"href":"https:\/\/lp56.fr\/infos\/wp-json\/wp\/v2\/media\/203"}],"wp:attachment":[{"href":"https:\/\/lp56.fr\/infos\/wp-json\/wp\/v2\/media?parent=204"}],"wp:term":[{"taxonomy":"category","embeddable":true,"href":"https:\/\/lp56.fr\/infos\/wp-json\/wp\/v2\/categories?post=204"},{"taxonomy":"post_tag","embeddable":true,"href":"https:\/\/lp56.fr\/infos\/wp-json\/wp\/v2\/tags?post=204"}],"curies":[{"name":"wp","href":"https:\/\/api.w.org\/{rel}","templated":true}]}}