{"id":335,"date":"2025-09-29T19:01:30","date_gmt":"2025-09-29T17:01:30","guid":{"rendered":"https:\/\/lp56.fr\/infos\/?p=335"},"modified":"2025-12-09T15:28:02","modified_gmt":"2025-12-09T14:28:02","slug":"abrogation-du-financement-public-de-lenseignement-prive","status":"publish","type":"post","link":"https:\/\/lp56.fr\/infos\/2025\/09\/29\/abrogation-du-financement-public-de-lenseignement-prive\/","title":{"rendered":"Abrogation du financement public de l&rsquo;enseignement priv\u00e9"},"content":{"rendered":"\n<p class=\"has-text-align-right\"><em>Communiqu\u00e9, Vannes le 29\/09\/2025<\/em><\/p>\n\n\n\n<p><strong><em>Ouest France<\/em><\/strong> et <strong><em>Le T\u00e9l\u00e9gramme<\/em><\/strong> ont fait \u00e9tat de la mise en \u0153uvre du nouveau dispositif de formations des enseignants (1er&nbsp;et second degr\u00e9). L&rsquo;Institut national sup\u00e9rieur du professorat et de l&rsquo;\u00e9ducation (INSP\u00c9) de Vannes doit fermer.<\/p>\n\n\n\n<p><strong><em>Ouest France<\/em><\/strong> pr\u00e9cisait &nbsp;:<\/p>\n\n\n\n<p><em>Une des cons\u00e9quences de la modification du cursus de formation des ma\u00eetres.<\/em><\/p>\n\n\n\n<p><em>\u00ab Avant, en Bretagne \u00e9taient form\u00e9s, au niveau master 1 et 2, 300 \u00e0 400 enseignants sur six sites. Aujourd\u2019hui, avec la mise en place de la licence Professeur des \u00e9coles, elle ne concerne qu\u2019une centaine d\u2019\u00e9tudiants sur les sites de Rennes (Ille-et-Vilaine), Brest (Finist\u00e8re) et Saint-Brieuc (C\u00f4tes-d\u2019Armor). \u00bb Exit le Morbihan.<\/em><\/p>\n\n\n\n<p>Or, dans le Morbihan, selon les deux journaux, cette mission publique d&rsquo;enseignement pourrait \u00eatre confi\u00e9e \u00e0 l\u2019Universit\u00e9 catholique de l\u2019Ouest (UCO), sur le site de Vannes-Arradon. On ne sait d&rsquo;o\u00f9 venait l&rsquo;information. En tout cas, cela semblait \u00ab&nbsp;normal&nbsp;\u00bb.<\/p>\n\n\n\n<p>Mais samedi 27 septembre, le directeur-adjoint du site indiquait dans <strong><em>Le T\u00e9l\u00e9gramme<\/em><\/strong> que <em>\u00ab&nbsp;la vocation de l&rsquo;UCO (n&rsquo;\u00e9tait) pas de remplacer ce que fait l&rsquo;INSP\u00c9 \u00e0 Vannes.&nbsp;\u00bb <\/em>Il est vrai qu&rsquo;apr\u00e8s s&rsquo;\u00eatre d\u00e9barrass\u00e9 du financement sulfureux de Pierre-\u00c9douard St\u00e9rin, son objectif, \u00e0 l&rsquo;instar de l&rsquo;ensemble des enseignements catholiques, est de d\u00e9velopper <em>\u00ab&nbsp;ce projet \u00e9ducatif catholique pleinement ouvert \u00e0 tous, pleinement universel et donc pleinement chr\u00e9tien&nbsp;\u00bb<\/em>. (comprenne qui pourra!)<\/p>\n\n\n\n<p>Ainsi, \u00e0 l&rsquo;occasion des 150 ans de la fondation de l&rsquo;UCO par Mgr Freppel, sera organis\u00e9 le 8 d\u00e9cembre 2025 la F\u00eate patronale&nbsp;: F\u00eate des lumi\u00e8res sur l&rsquo;ensemble des campus UCO et c\u00e9l\u00e9brations autour de la figure de Marie (F\u00eate de l&rsquo;Immacul\u00e9e Conception) et actions solidaires.<\/p>\n\n\n\n<p>Ainsi, le nouveau secr\u00e9taire g\u00e9n\u00e9ral de l&rsquo;enseignement catholique affirme <em>\u00ab&nbsp;<\/em><em>qu\u2019un\u00b7e professeur\u00b7e doit pouvoir \u00ab\u00a0<\/em><em>prier<\/em><em>\u00ab\u00a0<\/em><em> <\/em><em>avec ses \u00e9l\u00e8ves en classe. Y compris lorsqu\u2019il ou elle est pay\u00e9\u00b7e int\u00e9gralement par l\u2019\u00c9tat, comme c\u2019est le cas dans le priv\u00e9 sous contrat.&nbsp;\u00bb<\/em><\/p>\n\n\n\n<p>Voil\u00e0 o\u00f9 on en est arriv\u00e9. Depuis la loi Debr\u00e9 de 1959 et toutes celles qui ont suivi, on consid\u00e8re que l&rsquo;enseignement priv\u00e9, essentiellement confessionnel, est \u00ab&nbsp;associ\u00e9&nbsp;\u00bb au service public de l&rsquo;enseignement. C&rsquo;est l\u00e0 l&rsquo;expression la plus \u00e9vidente du caract\u00e8re r\u00e9actionnaire de la V\u00e8&nbsp;R\u00e9publique.<\/p>\n\n\n\n<p>La Libre Pens\u00e9e combat pour <strong>l&rsquo;abrogation de la loi Debr\u00e9<\/strong>. Elle a \u00e9labor\u00e9 un plan de sortie du financement public de l&rsquo;enseignement priv\u00e9, soumis \u00e0 toutes les organisations se r\u00e9clamant de la la\u00efcit\u00e9.<\/p>\n\n\n\n<p>Un <strong>Meeting national unitaire est organis\u00e9 le samedi 6 d\u00e9cembre<\/strong> \u00e0 14 h au gymnase Japy \u00e0 Paris pour le 120\u00e8 anniversaire de la loi de 1905. D&rsquo;ores et d\u00e9j\u00e0, sont parties prenantes, avec la Libre Pens\u00e9e, la Vigie de la la\u00efcit\u00e9, la Ligue des Droits de l&rsquo;Homme, la Ligue de l&rsquo;Enseignement, l&rsquo;Union rationaliste, Solidarit\u00e9 la\u00efque..<\/p>\n\n\n\n<p><strong>L&rsquo;urgence&nbsp;: agir pour la d\u00e9fense de la La\u00efcit\u00e9,<\/strong><\/p>\n\n\n\n<p><em>comme principe indispensable de l&rsquo;\u00e9mancipation humaine<\/em><\/p>\n","protected":false},"excerpt":{"rendered":"<p>Communiqu\u00e9, Vannes le 29\/09\/2025 Ouest France et Le T\u00e9l\u00e9gramme ont fait \u00e9tat de la mise en \u0153uvre du nouveau dispositif de formations des enseignants (1er&nbsp;et second degr\u00e9). L&rsquo;Institut national sup\u00e9rieur du professorat et de l&rsquo;\u00e9ducation (INSP\u00c9) de Vannes doit fermer. [&#8230;]<\/p>\n","protected":false},"author":1,"featured_media":336,"comment_status":"closed","ping_status":"closed","sticky":false,"template":"","format":"standard","meta":{"_acf_changed":false,"pagelayer_contact_templates":[],"_pagelayer_content":"","footnotes":""},"categories":[34],"tags":[],"class_list":["post-335","post","type-post","status-publish","format-standard","has-post-thumbnail","hentry","category-ecole-privee-confessionnelle"],"acf":[],"_links":{"self":[{"href":"https:\/\/lp56.fr\/infos\/wp-json\/wp\/v2\/posts\/335","targetHints":{"allow":["GET"]}}],"collection":[{"href":"https:\/\/lp56.fr\/infos\/wp-json\/wp\/v2\/posts"}],"about":[{"href":"https:\/\/lp56.fr\/infos\/wp-json\/wp\/v2\/types\/post"}],"author":[{"embeddable":true,"href":"https:\/\/lp56.fr\/infos\/wp-json\/wp\/v2\/users\/1"}],"replies":[{"embeddable":true,"href":"https:\/\/lp56.fr\/infos\/wp-json\/wp\/v2\/comments?post=335"}],"version-history":[{"count":2,"href":"https:\/\/lp56.fr\/infos\/wp-json\/wp\/v2\/posts\/335\/revisions"}],"predecessor-version":[{"id":338,"href":"https:\/\/lp56.fr\/infos\/wp-json\/wp\/v2\/posts\/335\/revisions\/338"}],"wp:featuredmedia":[{"embeddable":true,"href":"https:\/\/lp56.fr\/infos\/wp-json\/wp\/v2\/media\/336"}],"wp:attachment":[{"href":"https:\/\/lp56.fr\/infos\/wp-json\/wp\/v2\/media?parent=335"}],"wp:term":[{"taxonomy":"category","embeddable":true,"href":"https:\/\/lp56.fr\/infos\/wp-json\/wp\/v2\/categories?post=335"},{"taxonomy":"post_tag","embeddable":true,"href":"https:\/\/lp56.fr\/infos\/wp-json\/wp\/v2\/tags?post=335"}],"curies":[{"name":"wp","href":"https:\/\/api.w.org\/{rel}","templated":true}]}}