{"id":341,"date":"2025-11-26T15:27:09","date_gmt":"2025-11-26T14:27:09","guid":{"rendered":"https:\/\/lp56.fr\/infos\/?p=341"},"modified":"2025-12-09T15:57:11","modified_gmt":"2025-12-09T14:57:11","slug":"le-general-mandon-a-ses-emules","status":"publish","type":"post","link":"https:\/\/lp56.fr\/infos\/2025\/11\/26\/le-general-mandon-a-ses-emules\/","title":{"rendered":"Le g\u00e9n\u00e9ral Mandon a ses \u00e9mules"},"content":{"rendered":"\n<p><em><strong>Le T\u00e9l\u00e9gramme<\/strong><\/em> du samedi 22 novembre rend compte d&rsquo;une r\u00e9union tenue vendredi, o\u00f9 une centaine de lyc\u00e9ens d\u2019Hennebont ont \u00e9voqu\u00e9 les menaces de guerre et l\u2019actualit\u00e9 r\u00e9cente autour de la d\u00e9fense nationale avec Jean-Michel Jacques, d\u00e9put\u00e9 et sp\u00e9cialiste de ces questions.<\/p>\n\n\n\n<p>C&rsquo;est leur prof d\u2019histoire-g\u00e9ographie qui est \u00e0 l\u2019origine de cette rencontre \u00ab&nbsp;Ces jeunes n\u2019ont pas eu de r\u00e9f\u00e9rences de la guerre comme l\u2019ancienne g\u00e9n\u00e9ration mais leur optimisme, aujourd\u2019hui, n\u2019est plus le m\u00eame&nbsp;\u00bb, estime-t-il. \u00ab&nbsp;Ils ont une certaine anxi\u00e9t\u00e9 avec la guerre en Ukraine, et encore plus avec la menace russe qui s\u2019\u00e9tend.&nbsp;\u00bb<\/p>\n\n\n\n<p>Depuis Yves Lacoste, on sait que \u00ab&nbsp;<em><strong>La g\u00e9ographie, \u00e7a sert, d&rsquo;abord, \u00e0 faire la guerre&nbsp;\u00bb <\/strong><\/em>(Lacoste 1976)<\/p>\n\n\n\n<p>On peut s&rsquo;interroger sur la question de savoir s&rsquo;il est dans la mission de l&rsquo;enseignement public d&rsquo;engager des d\u00e9bats sur une actualit\u00e9 br\u00fblante. Ceux qui \u00e9taient lyc\u00e9ens au moment de la guerre d&rsquo;Alg\u00e9rie (d\u00e9j\u00e0 une \u00ab\u00a0op\u00e9ration sp\u00e9ciale\u00a0\u00bb) se rappelleront qu&rsquo;en aucun cas, cette actualit\u00e9 n&rsquo;\u00e9tait \u00e9voqu\u00e9e en classe. Neutralit\u00e9 oblige.<\/p>\n\n\n\n<p>Il est vrai qu&rsquo;aujourd&rsquo;hui, l&rsquo;arm\u00e9e s&rsquo;est fix\u00e9e comme t\u00e2che de \u00ab\u00a0pr\u00e9parer les esprits\u00a0\u00bb. Et le chef d&rsquo;\u00e9tat major des arm\u00e9es, le g\u00e9n\u00e9ral Fabien Mandon, apr\u00e8s avoir d\u00e9clar\u00e9 <em>\u00ab\u00a0Le premier objectif que j\u2019ai donn\u00e9 aux arm\u00e9es, c\u2019est de se tenir pr\u00eates \u00e0 un choc dans trois, quatre ans\u00a0\u00bb,<\/em> vient de d\u00e9clarer aux maires r\u00e9unis en congr\u00e8s <em>\u00ab\u00a0Si notre pays flanche parce qu&rsquo;il n&rsquo;est pas pr\u00eat \u00e0 accepter de perdre ses enfants, parce qu&rsquo;il faut dire les choses, de souffrir \u00e9conomiquement parce que les priorit\u00e9s iront \u00e0 de la production d\u00e9fense, alors on est en risque.\u00a0\u00bb<\/em><\/p>\n\n\n\n<p>Et Emmanuel Macron a renouvel\u00e9 sa confiance au g\u00e9n\u00e9ral. <em>\u00ab\u00a0<\/em><em>Je vois assez bien de quoi il peut s\u2019agir, sortir une phrase et la sortir de son contexte pour faire peur\u00a0\u00bb<\/em>, a-t-il indiqu\u00e9.<\/p>\n\n\n\n<p>Le conditionnement en marche&nbsp;! Qui et o\u00f9 dira-t-on les raisons de la guerre en Ukraine&nbsp;? Qui dira les tromperies, le non respect par les pays de l&rsquo;OTAN des accords garantissant une Ukraine d\u00e9militaris\u00e9e dans ses fronti\u00e8res&nbsp;? Qui dira la volont\u00e9, devant la crise \u00e9conomique, de conqu\u00e9rir des territoires, des ressources, de faire pression sur la Russie qui voit les arm\u00e9es de l&rsquo;OTAN s&rsquo;installer \u00e0 sa fronti\u00e8re&nbsp;?<\/p>\n\n\n\n<p>Tous ne sont pas dupes. Comme le lyc\u00e9en qui demande&nbsp;: <em>\u00ab Pourquoi, au lieu de <\/em><em>donner des armes \u00e0 l\u2019Ukraine, on ne mettrait pas un terme au conflit ? \u00bb<\/em><\/p>\n\n\n\n<p>Oui nous avons raison d&rsquo;avoir peur, peur des va-t-en guerre, peur d&rsquo;un Gluksmann qui en rajoute.<\/p>\n\n\n\n<p>Peur de ceux qui, comme Jean-Michel Jacques, soulignent que nous ne consacrons que 2 % du PIB pour l&rsquo;armement lorsque la Russie en consacre plus de 7 %. Nous savons ce que cela signifiera pour nous, nous savons ce que cela signifie pour la population russe.<\/p>\n\n\n\n<p>Nous savons aussi que cela signifierait la disparition des libert\u00e9s d\u00e9mocratiques, des garanties sociales, d\u00e9j\u00e0 bien remises en cause. Le 1er ao\u00fbt 1914, c&rsquo;est la mobilisation g\u00e9n\u00e9rale&nbsp;; le 2, c&rsquo;est l&rsquo;\u00e9tat de si\u00e8ge. Nous avons vu comment cela s&rsquo;est pass\u00e9 au moment de la pand\u00e9mie de COVID avec la loi d&rsquo;urgence de mars 2020.<\/p>\n\n\n\n<p><\/p>\n","protected":false},"excerpt":{"rendered":"<p>Le T\u00e9l\u00e9gramme du samedi 22 novembre rend compte d&rsquo;une r\u00e9union tenue vendredi, o\u00f9 une centaine de lyc\u00e9ens d\u2019Hennebont ont \u00e9voqu\u00e9 les menaces de guerre et l\u2019actualit\u00e9 r\u00e9cente autour de la d\u00e9fense nationale avec Jean-Michel Jacques, d\u00e9put\u00e9 et sp\u00e9cialiste de ces [&#8230;]<\/p>\n","protected":false},"author":1,"featured_media":0,"comment_status":"closed","ping_status":"closed","sticky":false,"template":"","format":"standard","meta":{"_acf_changed":false,"pagelayer_contact_templates":[],"_pagelayer_content":"","footnotes":""},"categories":[39],"tags":[],"class_list":["post-341","post","type-post","status-publish","format-standard","hentry","category-antimiliarisme"],"acf":[],"_links":{"self":[{"href":"https:\/\/lp56.fr\/infos\/wp-json\/wp\/v2\/posts\/341","targetHints":{"allow":["GET"]}}],"collection":[{"href":"https:\/\/lp56.fr\/infos\/wp-json\/wp\/v2\/posts"}],"about":[{"href":"https:\/\/lp56.fr\/infos\/wp-json\/wp\/v2\/types\/post"}],"author":[{"embeddable":true,"href":"https:\/\/lp56.fr\/infos\/wp-json\/wp\/v2\/users\/1"}],"replies":[{"embeddable":true,"href":"https:\/\/lp56.fr\/infos\/wp-json\/wp\/v2\/comments?post=341"}],"version-history":[{"count":1,"href":"https:\/\/lp56.fr\/infos\/wp-json\/wp\/v2\/posts\/341\/revisions"}],"predecessor-version":[{"id":344,"href":"https:\/\/lp56.fr\/infos\/wp-json\/wp\/v2\/posts\/341\/revisions\/344"}],"wp:attachment":[{"href":"https:\/\/lp56.fr\/infos\/wp-json\/wp\/v2\/media?parent=341"}],"wp:term":[{"taxonomy":"category","embeddable":true,"href":"https:\/\/lp56.fr\/infos\/wp-json\/wp\/v2\/categories?post=341"},{"taxonomy":"post_tag","embeddable":true,"href":"https:\/\/lp56.fr\/infos\/wp-json\/wp\/v2\/tags?post=341"}],"curies":[{"name":"wp","href":"https:\/\/api.w.org\/{rel}","templated":true}]}}