{"id":380,"date":"2025-11-30T17:14:41","date_gmt":"2025-11-30T16:14:41","guid":{"rendered":"https:\/\/lp56.fr\/infos\/?p=380"},"modified":"2025-11-30T17:14:41","modified_gmt":"2025-11-30T16:14:41","slug":"120e-anniversaire-de-la-loi-de-1905","status":"publish","type":"post","link":"https:\/\/lp56.fr\/infos\/2025\/11\/30\/120e-anniversaire-de-la-loi-de-1905\/","title":{"rendered":"120\u00e8 anniversaire de la loi de 1905"},"content":{"rendered":"\n<p class=\"has-text-align-center\" style=\"font-size:23px\">Le c<strong>ollectif morbihannais pour la d\u00e9fense et la promotion de la la\u00efcit\u00e9<\/strong> <br><strong>appelle \u00e0 se rassembler dimanche 7 d\u00e9cembre \u00e0 11 heures<\/strong><br><strong>devant l&rsquo;arbre de la la\u00efcit\u00e9 \u00e0 Vannes <\/strong>(<em>Palais des Arts)<\/em><\/p>\n\n\n\n<p class=\"has-text-align-left\" style=\"font-size:20px\">La conqu\u00eate de la la\u00efcit\u00e9 prend ses racines dans la d\u00e9claration des Droits de l&rsquo;Homme et du Citoyen de 1789\u00a0:<br><em>\u00ab\u00a0Nul ne doit \u00eatre inqui\u00e9t\u00e9 pour ses opinions, m\u00eame religieuses, pourvu que leur manifestation ne trouble pas l&rsquo;ordre public \u00e9tabli par la loi.\u00a0\u00bb<\/em> (art. 10) <\/p>\n\n\n\n<p class=\"has-text-align-left has-medium-font-size\">Le principe de la libert\u00e9 de l&rsquo;enseignement s&rsquo;accompagne de la la\u00efcit\u00e9 de l&rsquo;\u00e9cole de la R\u00e9publique\u00a0: pas d&rsquo;enseignement religieux, la\u00efcisation des enseignants.<\/p>\n\n\n\n<p class=\"has-text-align-left has-medium-font-size\">La loi de 1901 consacre la libert\u00e9 d&rsquo;opinion et celle de s&rsquo;associer, sans autorisation \u00e9tatique.<\/p>\n\n\n\n<p class=\"has-text-align-left has-medium-font-size\">La loi de 1905 ach\u00e8ve la la\u00efcit\u00e9 des institutions publiques\u00a0: libert\u00e9s des cultes, neutralit\u00e9 des organismes publics et de leurs agents, indiff\u00e9rence de l&rsquo;Etat vis \u00e0 vis des religions. La libert\u00e9 de conscience consacre l&rsquo;ind\u00e9pendance de la sph\u00e8re priv\u00e9e (qui se r\u00e9alise aussi dans l&rsquo;espace public) et de la sph\u00e8re publique, institutionnelle.<\/p>\n\n\n\n<p class=\"has-text-align-left has-medium-font-size\">O\u00f9 en sommes nous\u00a0?<\/p>\n\n\n\n<p class=\"has-medium-font-size\">Aujourd&rsquo;hui, nous sommes confront\u00e9s \u00e0 des atteintes, des affaiblissements, des d\u00e9tournements\u00a0:<\/p>\n\n\n\n<ul class=\"wp-block-list\">\n<li class=\"has-medium-font-size\">financement public d&rsquo;un enseignement priv\u00e9 \u00e0 vocation confessionnelle\u00a0;<\/li>\n\n\n\n<li class=\"has-medium-font-size\">atteintes \u00e0 la libert\u00e9 d&rsquo;opinion et \u00e0 la libert\u00e9 d&rsquo;association, notamment \u00e0 travers la loi de 2021 \u00ab\u00a0confortant le respect des principes de la R\u00e9publique\u00a0\u00bb\u00a0;<\/li>\n\n\n\n<li class=\"has-medium-font-size\">la la\u00efcit\u00e9 est instrumentalis\u00e9e pour justifier des interdictions nouvelles qui s\u2019opposent \u00e0 son essence m\u00eame. La la\u00efcit\u00e9 devrait r\u00e9genter des comportements individuels ou collectifs\u00a0;<\/li>\n\n\n\n<li class=\"has-medium-font-size\">des \u00e9lus, des responsables publics multiplient les infractions aux dispositions l\u00e9gales, pourtant bien restreintes.<\/li>\n<\/ul>\n\n\n\n<p class=\"has-medium-font-size\">Nous alertons contre les d\u00e9rives liberticides et l\u2019instrumentalisation politique d\u2019un principe con\u00e7u pour unir. La la\u00efcit\u00e9 assure la libert\u00e9 de conscience, elle n\u2019exclut pas.<\/p>\n\n\n\n<p class=\"has-medium-font-size\">Alors, le 7 d\u00e9cembre, nous dirons ensemble notre attachement \u00e0 cette conqu\u00eate, au c\u0153ur de la d\u00e9mocratie, garante de nos libert\u00e9s. Nous dirons notre volont\u00e9 de refuser les d\u00e9rives, les d\u00e9tournements, de garantir l&rsquo;\u00e9galit\u00e9 des droits.<\/p>\n\n\n\n<p><strong>Les organisations membres du collectif&nbsp;: <\/strong>Amicale Jules Simon, CDAFAL 56, CGT Educ&rsquo;action, DDEN 56, FSU 56, JPA 56, LDH section de Vannes, LP56, MGEN, OCCE, SGEN Cfdt 56, Snes FSU, Snuipp FSU, Solidarit\u00e9 la\u00efque 56<\/p>\n\n\n\n<figure class=\"wp-block-image aligncenter size-full is-resized\"><img decoding=\"async\" src=\"https:\/\/lp56.fr\/infos\/wp-content\/uploads\/2025\/11\/image-1.png\" alt=\"\" class=\"wp-image-382\" style=\"width:522px;height:auto\"\/><\/figure>\n","protected":false},"excerpt":{"rendered":"<p>Le collectif morbihannais pour la d\u00e9fense et la promotion de la la\u00efcit\u00e9 appelle \u00e0 se rassembler dimanche 7 d\u00e9cembre \u00e0 11 heuresdevant l&rsquo;arbre de la la\u00efcit\u00e9 \u00e0 Vannes (Palais des Arts) La conqu\u00eate de la la\u00efcit\u00e9 prend ses racines dans [&#8230;]<\/p>\n","protected":false},"author":1,"featured_media":0,"comment_status":"closed","ping_status":"closed","sticky":false,"template":"","format":"standard","meta":{"_acf_changed":false,"pagelayer_contact_templates":[],"_pagelayer_content":"","footnotes":""},"categories":[21],"tags":[],"class_list":["post-380","post","type-post","status-publish","format-standard","hentry","category-laicite"],"acf":[],"_links":{"self":[{"href":"https:\/\/lp56.fr\/infos\/wp-json\/wp\/v2\/posts\/380","targetHints":{"allow":["GET"]}}],"collection":[{"href":"https:\/\/lp56.fr\/infos\/wp-json\/wp\/v2\/posts"}],"about":[{"href":"https:\/\/lp56.fr\/infos\/wp-json\/wp\/v2\/types\/post"}],"author":[{"embeddable":true,"href":"https:\/\/lp56.fr\/infos\/wp-json\/wp\/v2\/users\/1"}],"replies":[{"embeddable":true,"href":"https:\/\/lp56.fr\/infos\/wp-json\/wp\/v2\/comments?post=380"}],"version-history":[{"count":1,"href":"https:\/\/lp56.fr\/infos\/wp-json\/wp\/v2\/posts\/380\/revisions"}],"predecessor-version":[{"id":385,"href":"https:\/\/lp56.fr\/infos\/wp-json\/wp\/v2\/posts\/380\/revisions\/385"}],"wp:attachment":[{"href":"https:\/\/lp56.fr\/infos\/wp-json\/wp\/v2\/media?parent=380"}],"wp:term":[{"taxonomy":"category","embeddable":true,"href":"https:\/\/lp56.fr\/infos\/wp-json\/wp\/v2\/categories?post=380"},{"taxonomy":"post_tag","embeddable":true,"href":"https:\/\/lp56.fr\/infos\/wp-json\/wp\/v2\/tags?post=380"}],"curies":[{"name":"wp","href":"https:\/\/api.w.org\/{rel}","templated":true}]}}