{"id":454,"date":"2025-12-09T16:29:19","date_gmt":"2025-12-09T15:29:19","guid":{"rendered":"https:\/\/lp56.fr\/infos\/?p=454"},"modified":"2025-12-09T16:37:13","modified_gmt":"2025-12-09T15:37:13","slug":"120e-anniversaire-de-la-loi-de-1905-meeting-laique-unitaire-samedi-6-decembre-14-h-paris-salle-henaff-de-la-bourse-du-travail","status":"publish","type":"post","link":"https:\/\/lp56.fr\/infos\/2025\/12\/09\/120e-anniversaire-de-la-loi-de-1905-meeting-laique-unitaire-samedi-6-decembre-14-h-paris-salle-henaff-de-la-bourse-du-travail\/","title":{"rendered":"120\u00e8 anniversaire de la loi de 1905 -Meeting la\u00efque unitaire samedi 6 d\u00e9cembre 14 h &#8211; Paris, salle H\u00e9naff de la Bourse du Travail"},"content":{"rendered":"\n<figure class=\"wp-block-image size-large\"><img loading=\"lazy\" decoding=\"async\" width=\"1024\" height=\"768\" src=\"https:\/\/lp56.fr\/infos\/wp-content\/uploads\/2025\/12\/MEETING-1-1024x768.jpg\" alt=\"\" class=\"wp-image-455\" srcset=\"https:\/\/lp56.fr\/infos\/wp-content\/uploads\/2025\/12\/MEETING-1-1024x768.jpg 1024w, https:\/\/lp56.fr\/infos\/wp-content\/uploads\/2025\/12\/MEETING-1-300x225.jpg 300w, https:\/\/lp56.fr\/infos\/wp-content\/uploads\/2025\/12\/MEETING-1-768x576.jpg 768w, https:\/\/lp56.fr\/infos\/wp-content\/uploads\/2025\/12\/MEETING-1.jpg 1224w\" sizes=\"auto, (max-width: 1024px) 100vw, 1024px\" \/><\/figure>\n\n\n\n<p><strong>D\u00c9CLARATION DU 9 D\u00c9CEMBRE 2025<\/strong><br>(\u00c9manant de la Vigie de la la\u00efcit\u00e9, la Ligue des Droits de l\u2019Homme, la Ligue de l\u2019Enseignement, Solidarit\u00e9 La\u00efque, la Libre Pens\u00e9e, l\u2019Union Rationaliste)<br><strong>\u00ab RETROUVER LE SENS DE LA LA\u00cfCIT\u00c9 \u00bb<\/strong><\/p>\n\n\n\n<p>La c\u00e9l\u00e9bration du cent-vingti\u00e8me anniversaire de la loi de S\u00e9paration des \u00c9glises et de l\u2019\u00c9tat du 9 d\u00e9cembre 1905 donne aux associations signataires de ce texte l\u2019occasion de rappeler combien la la\u00efcit\u00e9 est essentielle \u00e0 l\u2019agencement de la vie d\u00e9mocratique. Elles rejoignent ainsi l\u2019intention de la Constitution qui en a fait, en la pla\u00e7ant au service de la Libert\u00e9, de l\u2019\u00c9galit\u00e9 et de la Fraternit\u00e9, l\u2019un des principes fondateurs de la R\u00e9publique.<\/p>\n\n\n\n<p>Reliant la France \u00e0 la communaut\u00e9 des nations d\u00e9mocratiques, la la\u00efcit\u00e9 trouve son origine dans la D\u00e9claration des Droits de l\u2019Homme et du Citoyen de 1789. En fixant \u00ab le principe de toute souverainet\u00e9 dans la nation \u00bb (art. 3), la D\u00e9claration affirme l\u2019autonomie du pouvoir politique \u00e0 l\u2019\u00e9gard des lois divines ; en affirmant que \u00ab nul ne peut \u00eatre inqui\u00e9t\u00e9 pour ses opinions, m\u00eame religieuses pourvu que leur manifestation ne trouble pas l\u2019ordre public \u00e9tabli par la loi \u00bb (art. 10), elle permet \u00e0 chacun de pouvoir choisir en toute ind\u00e9pendance ses propres croyances ou convictions. Se manifeste l\u00e0 une rupture d\u00e9cisive avec l\u2019ordre d\u2019Ancien-R\u00e9gime, fond\u00e9 sur la primaut\u00e9 et l\u2019unit\u00e9 de foi. Il est revenu \u00e0 la l\u00e9gislation de la Troisi\u00e8me R\u00e9publique de confirmer le dispositif \u00e9tabli en 1789. La loi du 9 d\u00e9cembre 1905, dont le Conseil d\u2019\u00c9tat a pu rappeler qu\u2019elle \u00e9tait la \u00ab cl\u00e9 de vo\u00fbte \u00bb de la la\u00efcit\u00e9 fran\u00e7aise, couronne la construction la\u00efque en instituant<br>la S\u00e9paration des \u00c9glises et de l\u2019\u00c9tat. <\/p>\n\n\n\n<p>Le texte, s\u2019il contient des dispositions techniques concernant l\u2019organisation interne des cultes, comporte surtout deux \u00e9l\u00e9ments fondamentaux. Il consacre d\u2019abord la libert\u00e9 de conscience, consid\u00e9r\u00e9e dans sa double dimension individuelle et collective. Celle-ci apparait d\u00e8s l\u2019art.1er. La Libert\u00e9 appelle ainsi l\u2019\u00c9galit\u00e9 : la loi prot\u00e8ge identiquement les croyants et les non-croyants, sans qu\u2019on ne puisse discriminer quiconque \u00e0 raison de ses opinions religieuses ou convictionnelles. Ensuite, en affirmant, dans son article 2, que \u00ab la R\u00e9publique ne reconna\u00eet, ne salarie, ni ne subventionne aucun culte \u00bb, la loi affirme la neutralit\u00e9 de l\u2019\u00c9tat. Ce dernier doit se tenir \u00e0 \u00e9gale distance de toutes les conceptions englobantes du bien, afin de pr\u00e9server le droit \u00e0 l\u2019\u00e9gale libert\u00e9 de conscience des citoyens. <\/p>\n\n\n\n<p>Or, au cours des trois derni\u00e8res d\u00e9cennies, le r\u00e9gime de la\u00efcit\u00e9 a subi un d\u00e9voiement de ses principes originels : il \u00e9tait hier un dispositif de protection de la libert\u00e9 individuelle ; il est devenu un appareil de d\u00e9fense de la pr\u00e9tendue \u00ab identit\u00e9 nationale \u00bb. A la la\u00efcit\u00e9 de l\u2019autonomie s\u2019est substitu\u00e9e celle de la surveillance. Issue du refus d\u2019accepter l\u2019ouverture de la soci\u00e9t\u00e9 actuelle \u00e0 la pluralit\u00e9 de ses composantes<br>culturelles, en contrant ainsi l\u2019\u00e9thique universaliste de la R\u00e9publique, elle r\u00e9v\u00e8le une conception identitaire, et parfois ethnique, de la nation. Ce nouveau mod\u00e8le a pris une nouvelle forme juridique, \u00e0 travers une succession de lois et de r\u00e8glements qui ont trouv\u00e9 leur cons\u00e9cration limitative dans la loi du 24 ao\u00fbt 2021 visant \u00e0 \u00ab conforter le respect des principes de la R\u00e9publique \u00bb. <\/p>\n\n\n\n<p>Cette l\u00e9gislation in\u00e9dite a introduit, en rupture avec les principes de 1905, une double mutation. Jusque-l\u00e0, l\u2019imp\u00e9ratif de neutralit\u00e9 ne valait que pour les espaces et les agents de l\u2019\u00c9tat ; l\u2019espace social \u00e9tant, en revanche et sous r\u00e9serve des exigences de l\u2019ordre public, une zone d\u2019expression ouverte \u00e0 l\u2019expression de la pluralit\u00e9 des convictions. Or, en t\u00e9moignent certaines propositions de loi r\u00e9centes, on r\u00e9clame d\u00e9sormais l\u2019extension de la r\u00e8gle de la discr\u00e9tion en mati\u00e8re religieuse aux citoyens ordinaires.<\/p>\n\n\n\n<p>Ensuite, la \u00ab nouvelle la\u00efcit\u00e9 \u00bb a, par un mouvement parall\u00e8le, r\u00e9duit la sph\u00e8re de la libert\u00e9. En agitant le chiffon rouge du \u00ab s\u00e9paratisme \u00bb, en faisant valoir aupr\u00e8s de certains de nos compatriotes, leur \u00ab devoir d\u2019\u00e9mancipation \u00bb, en se faisant en cela le gardien des bons comportements, L\u2019\u00c9tat est entr\u00e9, sur les questions religieuses et convictionnelles, dans des domaines qu\u2019il laissait jusque-l\u00e0 enti\u00e8rement libres. Il intervient ainsi en r\u00e8glementant le port du v\u00eatement. Il soumet les collectivit\u00e9s locales \u00e0 des contr\u00f4les in\u00e9dits. <\/p>\n\n\n\n<p>Il r\u00e9duit le champ d\u2019autonomie \u00e0 la fois des associations cultuelles et des associations ordinaires. Malgr\u00e9 le principe de S\u00e9paration, la loi du 24 ao\u00fbt 2021 va jusqu\u2019\u00e0 offrir la possibilit\u00e9 aux pr\u00e9fets de refuser \u00e0 certaines la qualit\u00e9 d\u2019associations cultuelles, les obligeant par ailleurs \u00e0 de lourdes d\u00e9marches administratives, renouvelables tous les 5 ans, mena\u00e7ant ainsi leur p\u00e9rennit\u00e9. Faut-il se r\u00e9signer \u00e0 cette d\u00e9rive autoritaire ? C\u2019est, au contraire, \u00e0 la r\u00e9sistance que veulent appeler les signataires de ce texte. Leur id\u00e9e est que cette nouvelle interpr\u00e9tation vient accentuer la d\u00e9fiance au sein de la soci\u00e9t\u00e9 et emp\u00eacher un vivre ensemble harmonieux. Sans nier certes l\u2019importance d\u2019int\u00e9grer les<br>citoyens dans un espace public partag\u00e9 organis\u00e9 autour du respect de la libert\u00e9 d\u2019autrui et de la recherche de l\u2019int\u00e9r\u00eat commun, ils appellent \u00e0 r\u00e9tablir la la\u00efcit\u00e9 sur ses bases historiques, en retrouvant la vision originelle qui en faisait un syst\u00e8me de promotion de la libert\u00e9 et non de surveillance de l\u2019opinion.<\/p>\n\n\n\n<p>Dans cette perspective, il s\u2019agit de r\u00e9pondre \u00e0 trois objectifs :<br>\u25aa D\u2019abord, refaire droit \u00e0 la libert\u00e9 de conscience. Chacun doit pouvoir exprimer jusque dans l\u2019espace social ses propres convictions et croyances sans qu\u2019on lui impose, au nom d\u2019un ordre moral que l\u2019\u00c9tat se chargerait de d\u00e9finir, une quelconque invisibilit\u00e9 sociale, ni une artificielle homog\u00e9n\u00e9it\u00e9 id\u00e9ologique.<br>\u25aa Ensuite, reconstruire l\u2019ind\u00e9pendance de la sph\u00e8re politique. L\u2019un des grands motifs de la loi de 1905 a \u00e9t\u00e9 de placer l\u2019\u00c9tat en dehors de tout contr\u00f4le des \u00c9glises. Nous souhaitons renouer avec cette vis\u00e9e, qui est la condition d\u2019une action publique autonome laiss\u00e9e, loin de toute soumission aux diverses cl\u00e9ricatures, aux seules d\u00e9terminations de la d\u00e9lib\u00e9ration civique.<br>\u25aa Enfin, renouer avec l\u2019id\u00e9e de droit social. Au moment de la d\u00e9lib\u00e9ration de 1905, plusieurs d\u00e9fenseurs de la loi avaient affirm\u00e9, tel Jean Jaur\u00e8s, que \u00ab la R\u00e9publique ne resterait la\u00efque qu\u2019\u00e0 la condition d\u2019\u00eatre sociale \u00bb. C\u2019est l\u00e0 aussi un point d\u2019ancrage de cette d\u00e9claration : il ne peut y avoir de r\u00e9elle libert\u00e9 ind\u00e9pendamment de l\u2019am\u00e9lioration des conditions mat\u00e9rielles dans lesquelles se d\u00e9ploient les existences individuelles. <\/p>\n\n\n\n<p><strong>Retrouvons le sens de la la\u00efcit\u00e9, battons-nous pour une la\u00efcit\u00e9 de libert\u00e9 qui se nourrit de fraternit\u00e9 et de bien commun, assurons-lui un  avenir <\/strong>!<br>Signatures :<br>\u2666 Jean-Louis Bianco (Pr\u00e9sident honoraire de la Vigie de la La\u00efcit\u00e9)<br>\u2666 Christian Eyschen (Secr\u00e9taire g\u00e9n\u00e9ral de la Libre Pens\u00e9e)<br>\u2666 Anne-Marie Harster (Pr\u00e9sidente de Solidarit\u00e9 la\u00efque)<br>\u2666 Emmanuelle Huisman-Perrin (Responsable la\u00efcit\u00e9 \u00e0 l\u2019Union rationaliste)<br>\u2666 H\u00e9l\u00e8ne Lacassagne (Pr\u00e9sidente de la Ligue de l\u2019Enseignement)<br>\u2666 Nathalie Tehio (Pr\u00e9sidente de la Ligue des Droits de l\u2019Homme)<\/p>\n","protected":false},"excerpt":{"rendered":"<p>D\u00c9CLARATION DU 9 D\u00c9CEMBRE 2025(\u00c9manant de la Vigie de la la\u00efcit\u00e9, la Ligue des Droits de l\u2019Homme, la Ligue de l\u2019Enseignement, Solidarit\u00e9 La\u00efque, la Libre Pens\u00e9e, l\u2019Union Rationaliste)\u00ab RETROUVER LE SENS DE LA LA\u00cfCIT\u00c9 \u00bb La c\u00e9l\u00e9bration du cent-vingti\u00e8me anniversaire [&#8230;]<\/p>\n","protected":false},"author":1,"featured_media":0,"comment_status":"closed","ping_status":"closed","sticky":false,"template":"","format":"standard","meta":{"_acf_changed":false,"pagelayer_contact_templates":[],"_pagelayer_content":"","footnotes":""},"categories":[21],"tags":[],"class_list":["post-454","post","type-post","status-publish","format-standard","hentry","category-laicite"],"acf":[],"_links":{"self":[{"href":"https:\/\/lp56.fr\/infos\/wp-json\/wp\/v2\/posts\/454","targetHints":{"allow":["GET"]}}],"collection":[{"href":"https:\/\/lp56.fr\/infos\/wp-json\/wp\/v2\/posts"}],"about":[{"href":"https:\/\/lp56.fr\/infos\/wp-json\/wp\/v2\/types\/post"}],"author":[{"embeddable":true,"href":"https:\/\/lp56.fr\/infos\/wp-json\/wp\/v2\/users\/1"}],"replies":[{"embeddable":true,"href":"https:\/\/lp56.fr\/infos\/wp-json\/wp\/v2\/comments?post=454"}],"version-history":[{"count":2,"href":"https:\/\/lp56.fr\/infos\/wp-json\/wp\/v2\/posts\/454\/revisions"}],"predecessor-version":[{"id":457,"href":"https:\/\/lp56.fr\/infos\/wp-json\/wp\/v2\/posts\/454\/revisions\/457"}],"wp:attachment":[{"href":"https:\/\/lp56.fr\/infos\/wp-json\/wp\/v2\/media?parent=454"}],"wp:term":[{"taxonomy":"category","embeddable":true,"href":"https:\/\/lp56.fr\/infos\/wp-json\/wp\/v2\/categories?post=454"},{"taxonomy":"post_tag","embeddable":true,"href":"https:\/\/lp56.fr\/infos\/wp-json\/wp\/v2\/tags?post=454"}],"curies":[{"name":"wp","href":"https:\/\/api.w.org\/{rel}","templated":true}]}}