{"id":563,"date":"2026-03-12T17:42:27","date_gmt":"2026-03-12T16:42:27","guid":{"rendered":"https:\/\/lp56.fr\/infos\/?p=563"},"modified":"2026-03-12T17:42:27","modified_gmt":"2026-03-12T16:42:27","slug":"leglise-prend-leau","status":"publish","type":"post","link":"https:\/\/lp56.fr\/infos\/2026\/03\/12\/leglise-prend-leau\/","title":{"rendered":"L\u2019\u00c9glise prend l&rsquo;eau\u00a0!"},"content":{"rendered":"\n<p><strong>\u00ab&nbsp;Sauvons notre patrimoine religieux en p\u00e9ril !&nbsp;\u00bb<\/strong><\/p>\n\n\n\n<p>C&rsquo;est sous ce titre qu&rsquo;a \u00e9t\u00e9 publi\u00e9e dans Le T\u00e9l\u00e9gramme de mercredi 11 mars la tribune de <strong>Yvon Ollivier<\/strong>, auteur et pr\u00e9sident de l\u2019association de sauvegarde du patrimoine breton koun breizh.<\/p>\n\n\n\n<figure class=\"wp-block-image alignright size-full is-resized\"><img loading=\"lazy\" decoding=\"async\" width=\"590\" height=\"590\" src=\"https:\/\/lp56.fr\/infos\/wp-content\/uploads\/2026\/03\/image.png\" alt=\"\" class=\"wp-image-564\" style=\"width:450px\" srcset=\"https:\/\/lp56.fr\/infos\/wp-content\/uploads\/2026\/03\/image.png 590w, https:\/\/lp56.fr\/infos\/wp-content\/uploads\/2026\/03\/image-150x150.png 150w, https:\/\/lp56.fr\/infos\/wp-content\/uploads\/2026\/03\/image-300x300.png 300w\" sizes=\"auto, (max-width: 590px) 100vw, 590px\" \/><\/figure>\n\n\n\n<div class=\"wp-block-group is-nowrap is-layout-flex wp-container-core-group-is-layout-ad2f72ca wp-block-group-is-layout-flex\">\n<p><em>\u00ab\u00a0La plupart du temps, les mairies ne sont pas \u00e0 bl\u00e2mer. Elles n\u2019ont plus d\u2019argent. Paris baisse<\/em> <em>encore les dotations aux collectivit\u00e9s locales pour mener ses politiques de grandeur. C\u00f4t\u00e9<\/em> <em>patrimoine culturel parisien, les choses ne vont pas si mal, je crois. Notre-Dame de Paris a<\/em> <em>fait peau neuve. (\u2026) Par contre, le patrimoine religieux breton int\u00e9resse qui, aujourd\u2019hui, \u00e0 Paris,<\/em> <em>ville lumi\u00e8re qui d\u00e9cide de tout et truste plus de 90 % de la d\u00e9pense culturelle <em>nationale\u00a0?\u00a0\u00bb<\/em><\/em><\/p>\n\n\n\n<div class=\"wp-block-group is-layout-constrained wp-block-group-is-layout-constrained\"><\/div>\n<\/div>\n\n\n\n<p>Ce n&rsquo;est pas propre \u00e0 la Bretagne. Quant \u00e0 nous, nous refusons d&rsquo;opposer le patrimoine \u00ab\u00a0national\u00a0\u00bb (cath\u00e9drales propri\u00e9t\u00e9 de l\u2019\u00c9tat) et le patrimoine des communes. Les choix budg\u00e9taires qui sont \u00e0 l&rsquo;origine des difficult\u00e9s des communes ne rel\u00e8vent pas d&rsquo;une <em>\u00ab\u00a0politique de grandeur\u00a0\u00bb<\/em>, \u00e0 l&rsquo;heure du r\u00e9armement \u00e0 marche forc\u00e9e\u00a0!<\/p>\n\n\n\n<p>Nous sommes totalement attach\u00e9s au patrimoine de valeur, religieux ou non\u00a0! Mais il faut savoir de quoi on parle.<\/p>\n\n\n\n<div class=\"wp-block-group is-nowrap is-layout-flex wp-container-core-group-is-layout-ad2f72ca wp-block-group-is-layout-flex\">\n<p>L&rsquo;auteur prend l&rsquo;exemple de l\u2019\u00e9glise Saint Pol-Aur\u00e9lien d&rsquo;Ouessant qui n\u2019est plus hors d\u2019eau. <em>\u00ab&nbsp;Faudra-t-il se r\u00e9soudre \u00e0 raser l\u2019\u00e9glise d\u2019Ouessant dans quelques ann\u00e9es&nbsp;? Et on y mettra quoi, \u00e0 la place, au milieu du village&nbsp;? Une sup\u00e9rette&nbsp;? Un magasin de bricolage&nbsp;? L\u2019humanit\u00e9 en sortira-t-elle grandie&nbsp;? Elle bricolera mieux, peut-\u00eatre. Mais la Bretagne aura encore recul\u00e9 et tout ce qui fait lien entre nous.&nbsp;\u00bb<\/em><\/p>\n<\/div>\n\n\n\n<p><strong>Le l\u00e9gislateur de 1905<\/strong> a voulu conserver la propri\u00e9t\u00e9 publique des lieux de cultes, qui, existant avant 1789, \u00e9taient encore affect\u00e9s au culte en 1905. L\u2019\u00c9glise catholique a refus\u00e9 les associations cultuelles de la loi de 1905\u00a0; la loi du 13 avril 1908 a transf\u00e9r\u00e9 ces \u00e9glises aux communes. Seuls les lieux de culte des autres cultes reconnus (protestants, isra\u00e9lite) ont, eux, fait l&rsquo;objet de transferts de propri\u00e9t\u00e9 au profit d&rsquo;associations cultuelles.<\/p>\n\n\n\n<div class=\"wp-block-group is-nowrap is-layout-flex wp-container-core-group-is-layout-ad2f72ca wp-block-group-is-layout-flex\">\n<p>La d\u00e9saffectation<a href=\"#sdfootnote1sym\" id=\"sdfootnote1anc\"><sup>1<\/sup><\/a> a permis de sauvegarder des \u00e9difices de valeur en leur affectant un usage valorisant ou en les vendant. Ils restent dans le paysage, t\u00e9moignage historique pr\u00e9cieux. Des \u00e9glises XIX<sup>\u00e8<\/sup> ou XX<sup>\u00e8<\/sup>, sans valeur architecturale, ont finalement \u00e9t\u00e9 d\u00e9molies.<\/p>\n<\/div>\n\n\n\n<p>Restent des \u00e9difices, chapelles ou \u00e9glises modestes, \u00e9glises \u00e9difi\u00e9es pour le prestige, calvaires ou enclos paroissiaux que les communes ne peuvent plus entretenir.  Leur \u00e9tat exige bien souvent que les communes entreprennent des travaux pour \u00e9viter que leur responsabilit\u00e9 soit engag\u00e9e en cas de dommage.<\/p>\n\n\n\n<p><strong>Alors, quelles sont les possibilit\u00e9s\u00a0?<\/strong><\/p>\n\n\n\n<p>La loi n\u00b098-546 du 2 juillet 1998 permet d\u00e9sormais le transfert \u00e0 un EPCI<a href=\"#sdfootnote2sym\" id=\"sdfootnote2anc\"><sup>2<\/sup><\/a>, disposant des ressources n\u00e9cessaires. Un EPCI peut \u00e9galement faire r\u00e9aliser des travaux d&rsquo;entretien et de conservation (comp\u00e9tence \u00ab&nbsp;<em>Entretien et conservation des \u00e9difices du culte&nbsp;\u00bb<\/em>.)<\/p>\n\n\n\n<div class=\"wp-block-group is-nowrap is-layout-flex wp-container-core-group-is-layout-ad2f72ca wp-block-group-is-layout-flex\">\n<p>Lorsque les collectivit\u00e9s publiques refusent d\u2019effectuer des travaux n\u00e9cessaires sur des \u00e9difices leur appartenant ou n\u2019en ont pas les moyens, des offres de concours peuvent \u00eatre constitu\u00e9es par les fid\u00e8les.<a href=\"#sdfootnote3sym\" id=\"sdfootnote3anc\"><sup>3<\/sup><\/a><\/p>\n<\/div>\n\n\n\n<p>Alors, lorsque Yvon Ollivier \u00e9crit\u00a0: <em>\u00ab\u00a0Il n\u2019est pas acceptable qu\u2019il (le patrimoine religieux) fasse l\u2019objet d\u2019une telle d\u00e9consid\u00e9ration de Paris ou de certains \u00e9lus prompts \u00e0 justifier leur inaction par une la\u00efcit\u00e9 mal comprise.\u00a0\u00bb<\/em>, il donne l&rsquo;image d&rsquo;un \u00ab\u00a0territoire plaintif\u00a0\u00bb, entretenant l&rsquo;image d&rsquo;une Bretagne abandonn\u00e9e. Il m\u00e9conna\u00eet les textes applicables, qui ne justifient pas en l&rsquo;esp\u00e8ce un appel \u00e0 la R\u00e9gion ou encore moins \u00e0 l\u2019\u00c9tat. Au surplus, parler d&rsquo;<em>\u00ab\u00a0\u00e9lus prompts \u00e0 justifier leur inaction par une la\u00efcit\u00e9 mal comprise.\u00a0\u00bb<\/em>, c&rsquo;est assez curieux. Trop d&rsquo;\u00e9lus, en Bretagne, sont plut\u00f4t port\u00e9s \u00e0 violer la la\u00efcit\u00e9 telle qu&rsquo;\u00e9tablie en 1905, en toute connaissance de cause.<br>______________________________________________________________________________<\/p>\n\n\n\n<p class=\"has-small-font-size\"><a href=\"#sdfootnote1anc\" id=\"sdfootnote1sym\">1<\/a> Dans les textes, deux cas peuvent fonder une d\u00e9saffectation\u00a0:\u00ab <em>2\u00a0\u00b0\u00a0Si en dehors des cas de force majeure, le culte cesse d&rsquo;\u00eatre c\u00e9l\u00e9br\u00e9 pendant plus de 6 mois cons\u00e9cutifs\u00a0; 3\u00a0\u00b0 Si la conservation de l&rsquo;\u00e9difice (&#8230;) class\u00e9 en vertu de la loi de 1887 (puis de 1913) (&#8230;) est compromise par insuffisance d&rsquo;entretien et apr\u00e8s mise en demeure d\u00fbment notifi\u00e9e du conseil municipal ou, \u00e0 son d\u00e9faut, du pr\u00e9fet<\/em>\u00a0\u00bb. En fait, les cas de d\u00e9saffectation sont largement le produit du recul de la pratique du culte et sont g\u00e9n\u00e9ralement \u00e0 l&rsquo;initiative de l&rsquo;autorit\u00e9 religieuse.<br><a href=\"#sdfootnote2anc\" id=\"sdfootnote2sym\">2<\/a> \u00c9tablissement public de coop\u00e9ration intercommunale<br><a href=\"#sdfootnote3anc\" id=\"sdfootnote3sym\">3<\/a> Circulaire \u00c9difices du culte : propri\u00e9t\u00e9, construction, r\u00e9paration et entretien, r\u00e8gles d&rsquo;urbanisme, fiscalit\u00e9  <br><a href=\"https:\/\/www.legifrance.gouv.fr\/download\/file\/pdf\/cir_33668\/CIRC\">https:\/\/www.legifrance.gouv.fr\/download\/file\/pdf\/cir_33668\/CIRC<\/a><\/p>\n\n\n\n<div class=\"wp-block-group is-content-justification-right is-layout-constrained wp-container-core-group-is-layout-07b51d56 wp-block-group-is-layout-constrained\"><\/div>\n\n\n\n<p><\/p>\n","protected":false},"excerpt":{"rendered":"<p>\u00ab&nbsp;Sauvons notre patrimoine religieux en p\u00e9ril !&nbsp;\u00bb C&rsquo;est sous ce titre qu&rsquo;a \u00e9t\u00e9 publi\u00e9e dans Le T\u00e9l\u00e9gramme de mercredi 11 mars la tribune de Yvon Ollivier, auteur et pr\u00e9sident de l\u2019association de sauvegarde du patrimoine breton koun breizh. \u00ab\u00a0La plupart [&#8230;]<\/p>\n","protected":false},"author":1,"featured_media":0,"comment_status":"closed","ping_status":"closed","sticky":false,"template":"","format":"standard","meta":{"_acf_changed":false,"pagelayer_contact_templates":[],"_pagelayer_content":"","footnotes":""},"categories":[40],"tags":[],"class_list":["post-563","post","type-post","status-publish","format-standard","hentry","category-bonnet-dane"],"acf":[],"_links":{"self":[{"href":"https:\/\/lp56.fr\/infos\/wp-json\/wp\/v2\/posts\/563","targetHints":{"allow":["GET"]}}],"collection":[{"href":"https:\/\/lp56.fr\/infos\/wp-json\/wp\/v2\/posts"}],"about":[{"href":"https:\/\/lp56.fr\/infos\/wp-json\/wp\/v2\/types\/post"}],"author":[{"embeddable":true,"href":"https:\/\/lp56.fr\/infos\/wp-json\/wp\/v2\/users\/1"}],"replies":[{"embeddable":true,"href":"https:\/\/lp56.fr\/infos\/wp-json\/wp\/v2\/comments?post=563"}],"version-history":[{"count":11,"href":"https:\/\/lp56.fr\/infos\/wp-json\/wp\/v2\/posts\/563\/revisions"}],"predecessor-version":[{"id":575,"href":"https:\/\/lp56.fr\/infos\/wp-json\/wp\/v2\/posts\/563\/revisions\/575"}],"wp:attachment":[{"href":"https:\/\/lp56.fr\/infos\/wp-json\/wp\/v2\/media?parent=563"}],"wp:term":[{"taxonomy":"category","embeddable":true,"href":"https:\/\/lp56.fr\/infos\/wp-json\/wp\/v2\/categories?post=563"},{"taxonomy":"post_tag","embeddable":true,"href":"https:\/\/lp56.fr\/infos\/wp-json\/wp\/v2\/tags?post=563"}],"curies":[{"name":"wp","href":"https:\/\/api.w.org\/{rel}","templated":true}]}}