{"id":589,"date":"2026-03-25T18:11:09","date_gmt":"2026-03-25T17:11:09","guid":{"rendered":"https:\/\/lp56.fr\/infos\/?p=589"},"modified":"2026-03-25T18:11:09","modified_gmt":"2026-03-25T17:11:09","slug":"freres-de-saint-jean-a-lorient","status":"publish","type":"post","link":"https:\/\/lp56.fr\/infos\/2026\/03\/25\/freres-de-saint-jean-a-lorient\/","title":{"rendered":"Fr\u00e8res de Saint-Jean \u00e0 Lorient"},"content":{"rendered":"\n<p class=\"has-medium-font-size\"><strong>\u00ab\u00a0un scandale et des questions\u00a0\u00bb<\/strong> (Le T\u00e9l\u00e9gramme du mardi 24\/03\/2026)<\/p>\n\n\n\n<div class=\"wp-block-group is-layout-constrained wp-block-group-is-layout-constrained\">\n<p>L&rsquo;article publi\u00e9 par <em><strong>le T\u00e9l\u00e9gramme <\/strong><\/em>fait froid dans le dos.<\/p>\n\n\n\n<p><em>\u00ab&nbsp;La paroisse catholique Saint-Christophe, \u00e0 Lorient, est tenue, depuis 2005, par les fr\u00e8res de Saint-Jean. (\u2026) La communaut\u00e9 a \u00e9t\u00e9 cr\u00e9\u00e9e en 1975 par le dominicain <strong>Marie-Dominique Philippe<\/strong>. Une figure longtemps adul\u00e9e pour la vitalit\u00e9 des communaut\u00e9s qu\u2019il a fond\u00e9es. En r\u00e9alit\u00e9, un pr\u00e9dateur sexuel adepte d\u2019une mystique \u00e9rotico-spirituelle, qui initia d\u2019autres hommes, et femmes, \u00e0 ses pratiques criminelles.&nbsp;\u00bb<\/em><\/p>\n\n\n\n<p>La Communaut\u00e9 a publi\u00e9 en 2023 un rapport qui fait \u00e9tat, outre Marie-Dominique Philippe, de 72 fr\u00e8res ayant commis des abus sexuels au sein de la communaut\u00e9, de 1975 \u00e0 2022&nbsp;: 167 victimes, parmi lesquelles 30 religieuses, 69 femmes la\u00efques, 29 mineures et 15 gar\u00e7ons mineurs. La Communaut\u00e9 assure que tout a \u00e9t\u00e9 transmis aux \u00e9v\u00eaques. Confirmation&nbsp;:<em> \u00ab&nbsp;Les \u00e9v\u00eaques sont absolument et dans la totalit\u00e9 des cas au courant&nbsp;\u00bb, <\/em>affirme l\u2019\u00e9v\u00eaque charg\u00e9 de la communaut\u00e9, Mgr Beno\u00eet Rivi\u00e8re, et ce <em>\u00ab&nbsp;depuis 12, 13 ou 14 ans&nbsp;\u00bb.<\/em><\/p>\n\n\n\n<p>Or, en 2018, un fr\u00e8re de Saint-Jean a \u00e9t\u00e9 nomm\u00e9 recteur de la paroisse <strong>Saint-Christophe \u00e0 Lorient<\/strong>, alors m\u00eame que des faits d\u2019agressions sexuelles le concernant avaient \u00e9t\u00e9 remont\u00e9s \u00e0 sa hi\u00e9rarchie. Un signalement a \u00e9t\u00e9 fait \u00e0 Nantes, en 2019, pour viol et agressions sexuelles. Le procureur de la R\u00e9publique, Antoine Leroy, indique que <em>\u00ab&nbsp;l\u2019enqu\u00eate a \u00e9t\u00e9 class\u00e9e, le 8 juillet 2021, au motif que les faits \u00e9taient prescrits&nbsp;\u00bb<\/em>. Le fr\u00e8re a depuis quitt\u00e9 la vie religieuse et dirige maintenant un EPHAD.<\/p>\n\n\n\n<p>L\u2019\u00e9v\u00eaque <strong>Cent\u00e8ne<\/strong> plaide l&rsquo;ignorance, assure que <em>\u00ab&nbsp;<\/em><em>dans une ville o\u00f9 il y a d\u2019autres pr\u00eatres, cela assure un \u00e9quilibre. D\u2019une paroisse \u00e0 l\u2019autre, une esp\u00e8ce d\u2019auto-contr\u00f4le se fait.&nbsp;\u00bb<\/em><\/p>\n\n\n\n<p>Et ces fr\u00e8res continuent \u00e0 assurer des activit\u00e9s paroissiales, aupr\u00e8s de jeunes notamment.<\/p>\n\n\n\n<p>Le collectif \u00ab&nbsp;<strong>R\u00e9parez&nbsp;<\/strong>\u00bb, qui r\u00e9unit depuis 2023 des victimes des fr\u00e8res et s\u0153urs de Saint-Jean, a envoy\u00e9 en octobre dernier une lettre au pape. T\u00e9moignant<em> \u00ab&nbsp;d\u2019ann\u00e9es d\u2019endoctrinement&nbsp;\u00bb<\/em>, de <em>\u00ab&nbsp;violences psychiques et physiques&nbsp;\u00bb<\/em>, ils y constatent que <em>\u00ab&nbsp;certains m\u00e9canismes d\u2019emprise sont proches de ceux d\u2019une secte&nbsp;\u00bb<\/em>. Estimant que les <em>\u00ab&nbsp;autorit\u00e9s eccl\u00e9siales, notamment Mgr Rivi\u00e8re, n\u2019agissent pas et prot\u00e8gent le syst\u00e8me h\u00e9rit\u00e9 du p\u00e8re Marie-Dominique Philippe&nbsp;\u00bb<\/em>, le collectif a, notamment, demand\u00e9 au pape que ce dernier soit d\u00e9charg\u00e9 de la tutelle de la communaut\u00e9, et, \u00ab&nbsp;si<\/p>\n\n\n\n<p>n\u00e9cessaire, la dissolution de la Famille Saint-Jean&nbsp;\u00bb. Ils n\u2019ont, pour l\u2019heure, pas re\u00e7u de r\u00e9ponse.<\/p>\n\n\n\n<p>Constatons qu&rsquo;une fois encore, les autorit\u00e9s religieuses ont cherch\u00e9 \u00e0 r\u00e9gler les probl\u00e8mes dans la discr\u00e9tion des sacristies. <em>\u00ab&nbsp;<\/em><em>La majorit\u00e9 des faits, gr\u00e2ce \u00e0 Dieu, sont prescrits, mais certains peut-\u00eatre pas&nbsp;\u00bb<\/em>, avait d\u00e9clar\u00e9 le cardinal <strong>Barbarin<\/strong> lors de l&rsquo;affaire <strong>Preynat<\/strong>. Il avait alors \u00e9t\u00e9 poursuivi pour non-d\u00e9nonciation, dont le d\u00e9lai de prescription est de trois ans.<\/p>\n\n\n\n<p>Le mensuel de la Libre Pens\u00e9e, La Raison, publie ce mois un entretien avec Yolande du Payet de la Tour, pr\u00e9sidente de l&rsquo;Association \u00ab&nbsp;<strong>De la parole aux actes<\/strong>&nbsp;\u00bb. L&rsquo;association s&rsquo;\u00e9tait constitu\u00e9e courant octobre 2021 pour demander l&rsquo;application des quarante-cinq r\u00e9solutions de la <strong>CIASE<\/strong>. Elle avait obtenu la reconnaissance de la responsabilit\u00e9 syst\u00e9mique.<\/p>\n\n\n\n<p>La sp\u00e9cificit\u00e9 de l&rsquo;Association est qu&rsquo;elle r\u00e9clame que l\u2019\u00c9tat intervienne dans la protection et le traitement des victimes. Le<strong> rapport Sauv\u00e9<\/strong> pr\u00e9conisait une instance administrative. L\u2019\u00c9glise a r\u00e9pondu en cr\u00e9ant elle-m\u00eame deux instances, l&rsquo;<strong>INIRR<\/strong> et la <strong>CRR<\/strong>, et en gardant la main \u00e0 la fois sur les fonds et sur leur gestion via des sortes de <em>\u00ab&nbsp;soci\u00e9t\u00e9s-\u00e9crans&nbsp;\u00bb<\/em>.<\/p>\n<\/div>\n\n\n\n<p><br><br><br><em>,<\/em><\/p>\n","protected":false},"excerpt":{"rendered":"<p>\u00ab\u00a0un scandale et des questions\u00a0\u00bb (Le T\u00e9l\u00e9gramme du mardi 24\/03\/2026) L&rsquo;article publi\u00e9 par le T\u00e9l\u00e9gramme fait froid dans le dos. \u00ab&nbsp;La paroisse catholique Saint-Christophe, \u00e0 Lorient, est tenue, depuis 2005, par les fr\u00e8res de Saint-Jean. (\u2026) La communaut\u00e9 a \u00e9t\u00e9 [&#8230;]<\/p>\n","protected":false},"author":1,"featured_media":590,"comment_status":"closed","ping_status":"closed","sticky":false,"template":"","format":"standard","meta":{"_acf_changed":false,"pagelayer_contact_templates":[],"_pagelayer_content":"","footnotes":""},"categories":[32],"tags":[],"class_list":["post-589","post","type-post","status-publish","format-standard","has-post-thumbnail","hentry","category-eglise-catholique"],"acf":[],"_links":{"self":[{"href":"https:\/\/lp56.fr\/infos\/wp-json\/wp\/v2\/posts\/589","targetHints":{"allow":["GET"]}}],"collection":[{"href":"https:\/\/lp56.fr\/infos\/wp-json\/wp\/v2\/posts"}],"about":[{"href":"https:\/\/lp56.fr\/infos\/wp-json\/wp\/v2\/types\/post"}],"author":[{"embeddable":true,"href":"https:\/\/lp56.fr\/infos\/wp-json\/wp\/v2\/users\/1"}],"replies":[{"embeddable":true,"href":"https:\/\/lp56.fr\/infos\/wp-json\/wp\/v2\/comments?post=589"}],"version-history":[{"count":3,"href":"https:\/\/lp56.fr\/infos\/wp-json\/wp\/v2\/posts\/589\/revisions"}],"predecessor-version":[{"id":599,"href":"https:\/\/lp56.fr\/infos\/wp-json\/wp\/v2\/posts\/589\/revisions\/599"}],"wp:featuredmedia":[{"embeddable":true,"href":"https:\/\/lp56.fr\/infos\/wp-json\/wp\/v2\/media\/590"}],"wp:attachment":[{"href":"https:\/\/lp56.fr\/infos\/wp-json\/wp\/v2\/media?parent=589"}],"wp:term":[{"taxonomy":"category","embeddable":true,"href":"https:\/\/lp56.fr\/infos\/wp-json\/wp\/v2\/categories?post=589"},{"taxonomy":"post_tag","embeddable":true,"href":"https:\/\/lp56.fr\/infos\/wp-json\/wp\/v2\/tags?post=589"}],"curies":[{"name":"wp","href":"https:\/\/api.w.org\/{rel}","templated":true}]}}