{"id":600,"date":"2026-04-01T15:58:33","date_gmt":"2026-04-01T13:58:33","guid":{"rendered":"https:\/\/lp56.fr\/infos\/?p=600"},"modified":"2026-04-01T15:58:33","modified_gmt":"2026-04-01T13:58:33","slug":"contre-la-criminalisation-de-la-solidarite-internationalecontre-la-raison-detat-soutien-total-a-olivia-zemor-et-nicolas-shashahani","status":"publish","type":"post","link":"https:\/\/lp56.fr\/infos\/2026\/04\/01\/contre-la-criminalisation-de-la-solidarite-internationalecontre-la-raison-detat-soutien-total-a-olivia-zemor-et-nicolas-shashahani\/","title":{"rendered":"Contre la criminalisation de la solidarit\u00e9 internationale,contre la Raison d\u2019\u00c9tat ! Soutien total \u00e0 Olivia Zemor et Nicolas Shashahani !"},"content":{"rendered":"\n<h3 class=\"wp-block-heading has-text-align-center\">URGENT : communiqu\u00e9 du Comit\u00e9 international contre la r\u00e9pression (Cicr)<br><em>pour la d\u00e9fense des droits syndicaux et politiques<\/em><\/h3>\n\n\n\n<p class=\"has-text-align-center has-medium-font-size\"><strong>Contre la criminalisation <strong>de<\/strong> <strong>la<\/strong> <strong>solidarit\u00e9<\/strong> <strong>internationale<\/strong> ,<\/strong><\/p>\n\n\n\n<figure class=\"wp-block-image alignright size-full\"><img loading=\"lazy\" decoding=\"async\" width=\"98\" height=\"98\" src=\"https:\/\/lp56.fr\/infos\/wp-content\/uploads\/2026\/04\/image.png\" alt=\"\" class=\"wp-image-602\"\/><\/figure>\n\n\n\n<p class=\"has-text-align-center has-medium-font-size\"><strong>Contre  <\/strong><strong>la <\/strong><strong>Raison <\/strong><strong>d\u2019\u00c9tat<\/strong><strong>!<\/strong><\/p>\n\n\n\n<p class=\"has-text-align-center has-medium-font-size\"><strong>Soutien total \u00e0 Olivia <strong>Zemor et<\/strong> <strong>Nicolas<\/strong> <strong>Shashahani<\/strong> !<\/strong><\/p>\n\n\n\n<p>Le Comit\u00e9 international contre la r\u00e9pression (Cicr) d\u00e9nonce avec la plus grande fermet\u00e9 la condamnation d\u2019Olivia Zemor, pr\u00e9sidente d\u2019EuroPalestine, pour pr\u00e9tendue <em>\u00ab\u00a0apologie du terrorisme<\/em><em>\u00a0\u00bb <\/em>\u00e0 Paris. La lourdeur des sanctions \u2013 24 mois de prison avec sursis, 5 ans d\u2019in\u00e9ligibilit\u00e9, son inscription au fichier du terrorisme, pr\u00e8s de 5 000 euros d\u2019amende et de dommages et int\u00e9r\u00eats \u2013 est sid\u00e9rante. Cela pour avoir d\u00e9nonc\u00e9 le g\u00e9nocide en cours \u00e0 Gaza et d\u00e9fendu publiquement la r\u00e9sistance du peuple palestinien.<\/p>\n\n\n\n<p>La r\u00e9pression frappe aussi Nicolas Shashahani, autre dirigeant d\u2019EuroPalestine, arr\u00eat\u00e9 \u00e0 l\u2019aube, plac\u00e9 en garde \u00e0 vue apr\u00e8s une violente perquisition men\u00e9e par des policiers cagoul\u00e9s qui ont retourn\u00e9 son appartement sans rien trouver. Ces op\u00e9rations, sans aucun rapport avec de pr\u00e9tendus \u00ab\u00a0risques\u00a0\u00bb, visent \u00e0 intimider et terroriser toute forme de solidarit\u00e9, \u00e0 b\u00e2illonner les organisations, qu&rsquo;il s&rsquo;agisse de syndicats ou d&rsquo;associations solidaires du peuple palestinien. Il s\u2019agit de la m\u00eame logique r\u00e9pressive que celle de l\u2019affaire de Jean-Paul Delescaut<a href=\"#_bookmark0\"><sup>1<\/sup>,<\/a> mais force est de constater que des crans sont franchis.<\/p>\n\n\n\n<p>La condamnation d\u2019Olivia Zemor s\u2019inscrit dans une offensive g\u00e9n\u00e9rale de criminalisation de la solidarit\u00e9 avec la Palestine. Depuis des mois, des officines et r\u00e9seaux inconditionnels du pouvoir isra\u00e9lien instrumentalisent les tribunaux pour tenter de faire taire le boycott et la d\u00e9nonciation des crimes envers le peuple palestinien : dans tout le pays, des centaines de militants sont menac\u00e9s ou poursuivis pour <em>\u00ab\u00a0apologie du terrorisme\u00a0\u00bb <\/em>pour avoir simplement d\u00e9nonc\u00e9 les crimes de l\u2019arm\u00e9e isra\u00e9lienne. Ces r\u00e9seaux b\u00e9n\u00e9ficient de la complaisance, pour ne pas dire plus, de l\u2019\u00c9tat fran\u00e7ais, qui met son appareil policier et judiciaire \u00e0 leur service, comme l\u2019illustrent les circulaires appelant \u00e0 poursuivre co\u00fbte que co\u00fbte les militants de la campagne BDS.<\/p>\n\n\n\n<p>Cette complaisance structurelle envers des plaignants pro-g\u00e9nocide et pro-colonisation r\u00e9v\u00e8le la nature profond\u00e9ment politique de la condamnation d\u2019Olivia Zemor.<\/p>\n\n\n\n<p>Nous affirmons que ce jugement est inique et qu\u2019il rel\u00e8ve de la Raison d\u2019\u00c9tat. En criminalisant celles et ceux qui d\u00e9crivent les faits, d\u00e9noncent le g\u00e9nocide en cours et se solidarisent avec la r\u00e9sistance palestinienne, l\u2019\u00c9tat fran\u00e7ais se rend complice des crimes qu\u2019il couvre diplomatiquement et militairement. \u00c0 l\u2019int\u00e9rieur, il cherche surtout \u00e0 \u00e9touffer le mouvement qui refuse l\u2019alignement du pouvoir sur la politique coloniale et guerri\u00e8re d\u2019Isra\u00ebl.<\/p>\n\n\n\n<p>Le Comit\u00e9 international contre la r\u00e9pression exprime son plein soutien \u00e0 Olivia Zemor et \u00e0 Nicolas Shashahani. Nous exigeons la lev\u00e9e imm\u00e9diate de toutes les condamnations prononc\u00e9es \u00e0 l\u2019encontre d\u2019Olivia Zemor, l\u2019abandon de toutes les poursuites contre les militants solidaires du peuple palestinien, la fin des perquisitions et gardes \u00e0 vue \u00e0 leur encontre.<\/p>\n\n\n\n<p>Nous participerons \u00e0 toutes les initiatives d\u00e9cid\u00e9es en leur soutien.<\/p>\n\n\n\n<p>La solidarit\u00e9 n\u2019est pas un crime, et nous ne laisserons pas ainsi voir bafouer les libert\u00e9s fondamentales et r\u00e9duire au silence celles et ceux qui se tiennent aux c\u00f4t\u00e9s du peuple palestinien, dont nous sommes. Nous serons pr\u00e9sents samedi prochain aux manifestations en solidarit\u00e9 avec la Palestine.<\/p>\n\n\n\n<p class=\"has-small-font-size\"> <sup>1<\/sup>Jean-Paul Delescaut, secr\u00e9taire g\u00e9n\u00e9ral de l\u2019UD CGT du Nord, avait \u00e9t\u00e9 condamn\u00e9 en premi\u00e8re instance pour <em>\u00abapologieduterrorisme\u00bb<\/em>pour un texte de solidarit\u00e9 avec le peuple palestinien avant d\u2019\u00eatre relax\u00e9 en appel. Le Cicr s\u2019\u00e9tait \u00e0 l\u2019\u00e9poque exprim\u00e9 sur cette affaire.<\/p>\n\n\n\n<p><\/p>\n","protected":false},"excerpt":{"rendered":"<p>URGENT : communiqu\u00e9 du Comit\u00e9 international contre la r\u00e9pression (Cicr)pour la d\u00e9fense des droits syndicaux et politiques Contre la criminalisation de la solidarit\u00e9 internationale , Contre la Raison d\u2019\u00c9tat! Soutien total \u00e0 Olivia Zemor et Nicolas Shashahani ! Le Comit\u00e9 [&#8230;]<\/p>\n","protected":false},"author":1,"featured_media":0,"comment_status":"closed","ping_status":"closed","sticky":false,"template":"","format":"standard","meta":{"_acf_changed":false,"pagelayer_contact_templates":[],"_pagelayer_content":"","footnotes":""},"categories":[38],"tags":[],"class_list":["post-600","post","type-post","status-publish","format-standard","hentry","category-libertes"],"acf":[],"_links":{"self":[{"href":"https:\/\/lp56.fr\/infos\/wp-json\/wp\/v2\/posts\/600","targetHints":{"allow":["GET"]}}],"collection":[{"href":"https:\/\/lp56.fr\/infos\/wp-json\/wp\/v2\/posts"}],"about":[{"href":"https:\/\/lp56.fr\/infos\/wp-json\/wp\/v2\/types\/post"}],"author":[{"embeddable":true,"href":"https:\/\/lp56.fr\/infos\/wp-json\/wp\/v2\/users\/1"}],"replies":[{"embeddable":true,"href":"https:\/\/lp56.fr\/infos\/wp-json\/wp\/v2\/comments?post=600"}],"version-history":[{"count":3,"href":"https:\/\/lp56.fr\/infos\/wp-json\/wp\/v2\/posts\/600\/revisions"}],"predecessor-version":[{"id":605,"href":"https:\/\/lp56.fr\/infos\/wp-json\/wp\/v2\/posts\/600\/revisions\/605"}],"wp:attachment":[{"href":"https:\/\/lp56.fr\/infos\/wp-json\/wp\/v2\/media?parent=600"}],"wp:term":[{"taxonomy":"category","embeddable":true,"href":"https:\/\/lp56.fr\/infos\/wp-json\/wp\/v2\/categories?post=600"},{"taxonomy":"post_tag","embeddable":true,"href":"https:\/\/lp56.fr\/infos\/wp-json\/wp\/v2\/tags?post=600"}],"curies":[{"name":"wp","href":"https:\/\/api.w.org\/{rel}","templated":true}]}}